{"id":998,"date":"2009-04-15T16:24:07","date_gmt":"2009-04-15T15:24:07","guid":{"rendered":"http:\/\/www.caths.cz\/wordpress\/?p=998"},"modified":"2009-04-15T16:24:07","modified_gmt":"2009-04-15T15:24:07","slug":"mezinarodni-turnaj-ve-stolnim-tenise-czech-open","status":"publish","type":"post","link":"https:\/\/www.caths.cz\/wordpress\/mezinarodni-turnaj-ve-stolnim-tenise-czech-open\/","title":{"rendered":"Mezin\u00e1rodn\u00ed turnaj ve stoln\u00edm tenise CZECH OPEN"},"content":{"rendered":"<p align=\"justify\">\nZ\u00edtra 16.5.2009 v 8:30 bude slavnostn\u011b zah\u00e1jen mezin\u00e1rodn\u00ed turnaj ve stoln\u00edm tenise CZECH OPEN. Jedn\u00e1 se ji\u017e o jeho osm\u00fd ro\u010dn\u00edk, prvn\u00ed turnaj se odehr\u00e1l ji\u017e v roce 1995.<\/p>\n<p align=\"justify\"> Turnaj s Faktorem 20 je ji\u017e tradi\u010dn\u011b velmi siln\u011b obsazen. Z\u00fa\u010dastn\u00ed se jej 84 sportovc\u016f (70 mu\u017e\u016f a 14 \u017een) z 19 zem\u00ed. Mezi nejpo\u010detn\u011bj\u0161\u00ed v\u00fdpravy pat\u0159\u00ed Francie (13 hr\u00e1\u010d\u016f), Indie a \u010cesk\u00e1 republika ( po 11 hr\u00e1\u010d\u00edch). Pozv\u00e1n\u00ed p\u0159ijaly i tak vzd\u00e1len\u00e9 zem\u011b jako jsou Kostarika, Braz\u00edlie nebo Jord\u00e1nsko. Bohu\u017eel mezi z\u00fa\u010dastn\u011bn\u00fdmi nebudou sportovci z Polska, kte\u0159\u00ed pat\u0159\u00ed do sv\u011btov\u00e9 \u0161pi\u010dky handicapovan\u00fdch stoln\u00edch tenist\u016f.<br \/> Turnaj za\u010dne dvouhrami OPEN, na n\u011b\u017e nav\u00e1\u017e\u00ed dvouhry dle jednotliv\u00fdch kategori\u00ed handicap\u016f a pot\u00e9 sout\u011b\u017ee dru\u017estev. \u010ceskou republiku budou reprezentovat jednak paralympionici Ivan Karabec, Jaroslav Cieslar, Zbyn\u011bk Lambert, M\u00ed\u0161a de La Bourdonnaye a Jarka Jane\u010dkov\u00e1, a z\u00e1roven se p\u0159edstav\u00ed nov\u00e1\u010dci \u010desk\u00e9ho stoln\u00edho tenisu \u0160vasta, Doda, \u010cerven\u00fd a \u017delezn\u00fd, pro n\u011b\u017e bude turnaj prov\u011brkou jejich v\u00fdkonnosti v mezin\u00e1rodn\u00ed konkurenci.<br \/> Jako technick\u00fd deleg\u00e1t se turnaje z\u00fa\u010dastn\u00ed Oirint Eriksen \u2013 prezident ITTS PTT (federace para stoln\u00ed tenis) a hlavn\u00edm rozhod\u010d\u00edm bude Ital Francesco Nuzzo.<\/p>\n<p> <img decoding=\"async\" src=\"\/wordpress\/image\/k_clankum\/2007 111.jpg\"><\/p>\n<p> <img decoding=\"async\" src=\"\/wordpress\/image\/k_clankum\/2007 136.jpg\"><\/p>\n<p> <img decoding=\"async\" src=\"\/wordpress\/image\/k_clankum\/IMG_0038.JPG\"><\/p>\n","protected":false},"excerpt":{"rendered":"<a href=\"https:\/\/www.caths.cz\/wordpress\/mezinarodni-turnaj-ve-stolnim-tenise-czech-open\/\"><img loading=\"lazy\" decoding=\"async\" width=\"100\" height=\"100\" src=\"https:\/\/www.caths.cz\/wordpress\/wp-content\/plugins\/thumbnail-for-excerpts\/tfe_no_thumb.png\" class=\"alignleft wp-post-image tfe\" alt=\"\" title=\"\" \/><\/a><p>Z\u00edtra 16.5.2009 v 8:30 bude slavnostn\u011b zah\u00e1jen mezin\u00e1rodn\u00ed turnaj ve stoln\u00edm tenise CZECH OPEN. Jedn\u00e1 se ji\u017e o jeho osm\u00fd ro\u010dn\u00edk, prvn\u00ed turnaj se odehr\u00e1l ji\u017e v roce 1995. Turnaj [&hellip;]<\/p>\n","protected":false},"author":1,"featured_media":0,"comment_status":"closed","ping_status":"closed","sticky":false,"template":"","format":"standard","meta":{"ngg_post_thumbnail":0,"footnotes":""},"categories":[19],"tags":[],"class_list":["post-998","post","type-post","status-publish","format-standard","hentry","category-stolni-tenis"],"_links":{"self":[{"href":"https:\/\/www.caths.cz\/wordpress\/wp-json\/wp\/v2\/posts\/998","targetHints":{"allow":["GET"]}}],"collection":[{"href":"https:\/\/www.caths.cz\/wordpress\/wp-json\/wp\/v2\/posts"}],"about":[{"href":"https:\/\/www.caths.cz\/wordpress\/wp-json\/wp\/v2\/types\/post"}],"author":[{"embeddable":true,"href":"https:\/\/www.caths.cz\/wordpress\/wp-json\/wp\/v2\/users\/1"}],"replies":[{"embeddable":true,"href":"https:\/\/www.caths.cz\/wordpress\/wp-json\/wp\/v2\/comments?post=998"}],"version-history":[{"count":0,"href":"https:\/\/www.caths.cz\/wordpress\/wp-json\/wp\/v2\/posts\/998\/revisions"}],"wp:attachment":[{"href":"https:\/\/www.caths.cz\/wordpress\/wp-json\/wp\/v2\/media?parent=998"}],"wp:term":[{"taxonomy":"category","embeddable":true,"href":"https:\/\/www.caths.cz\/wordpress\/wp-json\/wp\/v2\/categories?post=998"},{"taxonomy":"post_tag","embeddable":true,"href":"https:\/\/www.caths.cz\/wordpress\/wp-json\/wp\/v2\/tags?post=998"}],"curies":[{"name":"wp","href":"https:\/\/api.w.org\/{rel}","templated":true}]}}