{"id":996,"date":"2009-04-14T13:07:25","date_gmt":"2009-04-14T12:07:25","guid":{"rendered":"http:\/\/www.caths.cz\/wordpress\/?p=996"},"modified":"2009-04-14T13:07:25","modified_gmt":"2009-04-14T12:07:25","slug":"ehc-rosenau","status":"publish","type":"post","link":"https:\/\/www.caths.cz\/wordpress\/ehc-rosenau\/","title":{"rendered":"EHC Rosenau"},"content":{"rendered":"<p align=\"justify\">\nV sobotu 11. dubna se konal z\u00e1vod EHC v Rosenau. Skv\u011ble obsazen\u00e9ho z\u00e1vodu se z\u00fa\u010dastnili i \u010de\u0161t\u00ed jezdci D\u011bck\u00fd, Tom\u00e1nek a Kov\u00e1\u0159.\n<\/p>\n<p align=\"justify\"> Je nutno \u0159\u00edct, \u017ee sv\u011btov\u00e1 \u00farove\u0148 zase hodn\u011b stoupla a \u010dasy, kter\u00e9 sta\u010dily ned\u00e1vno na v\u00edt\u011bzstv\u00ed, dnes znamenaj\u00ed &#8222;jen&#8220; boj o druhou des\u00edtku. Handbike je opravdu nabit\u00fd a masov\u00fd sport handicapovan\u00fdch, po\u010det a kvalita jezdc\u016f startuj\u00edc\u00edch v Rosenau je jen jasn\u00fd d\u016fkaz.<\/p>\n<p> <u>Um\u00edst\u011bn\u00ed \u010desk\u00fdch jezdc\u016f:<\/u><br \/> Pavel D\u011bck\u00fd (Handbike \u010cR) 19. m\u00edsto v \u010dase 1:14.10<br \/> Jan Tom\u00e1nek (CK P\u0159\u00edbram) 26. m\u00edsto v \u010dase 1:14.15<br \/> Martin Kov\u00e1\u0159 (SK Kontakt Praha) 5. m\u00edsto v \u010dase 1:30.06 + 1min penalizace <\/p>\n<p> V\u00fdsledky <strong><a href=\"storage\/handbike\/rosenau_results_09_fin.pdf\"><font face=\"Trebuchet MS\" size=\"2\"> zde<\/strong><\/font><\/a><\/p>\n","protected":false},"excerpt":{"rendered":"<a href=\"https:\/\/www.caths.cz\/wordpress\/ehc-rosenau\/\"><img loading=\"lazy\" decoding=\"async\" width=\"100\" height=\"100\" src=\"https:\/\/www.caths.cz\/wordpress\/wp-content\/plugins\/thumbnail-for-excerpts\/tfe_no_thumb.png\" class=\"alignleft wp-post-image tfe\" alt=\"\" title=\"\" \/><\/a><p>V sobotu 11. dubna se konal z\u00e1vod EHC v Rosenau. Skv\u011ble obsazen\u00e9ho z\u00e1vodu se z\u00fa\u010dastnili i \u010de\u0161t\u00ed jezdci D\u011bck\u00fd, Tom\u00e1nek a Kov\u00e1\u0159. Je nutno \u0159\u00edct, \u017ee sv\u011btov\u00e1 \u00farove\u0148 zase hodn\u011b [&hellip;]<\/p>\n","protected":false},"author":1,"featured_media":0,"comment_status":"closed","ping_status":"closed","sticky":false,"template":"","format":"standard","meta":{"ngg_post_thumbnail":0,"footnotes":""},"categories":[9],"tags":[],"class_list":["post-996","post","type-post","status-publish","format-standard","hentry","category-handbike"],"_links":{"self":[{"href":"https:\/\/www.caths.cz\/wordpress\/wp-json\/wp\/v2\/posts\/996","targetHints":{"allow":["GET"]}}],"collection":[{"href":"https:\/\/www.caths.cz\/wordpress\/wp-json\/wp\/v2\/posts"}],"about":[{"href":"https:\/\/www.caths.cz\/wordpress\/wp-json\/wp\/v2\/types\/post"}],"author":[{"embeddable":true,"href":"https:\/\/www.caths.cz\/wordpress\/wp-json\/wp\/v2\/users\/1"}],"replies":[{"embeddable":true,"href":"https:\/\/www.caths.cz\/wordpress\/wp-json\/wp\/v2\/comments?post=996"}],"version-history":[{"count":0,"href":"https:\/\/www.caths.cz\/wordpress\/wp-json\/wp\/v2\/posts\/996\/revisions"}],"wp:attachment":[{"href":"https:\/\/www.caths.cz\/wordpress\/wp-json\/wp\/v2\/media?parent=996"}],"wp:term":[{"taxonomy":"category","embeddable":true,"href":"https:\/\/www.caths.cz\/wordpress\/wp-json\/wp\/v2\/categories?post=996"},{"taxonomy":"post_tag","embeddable":true,"href":"https:\/\/www.caths.cz\/wordpress\/wp-json\/wp\/v2\/tags?post=996"}],"curies":[{"name":"wp","href":"https:\/\/api.w.org\/{rel}","templated":true}]}}