{"id":995,"date":"2009-04-12T10:45:40","date_gmt":"2009-04-12T09:45:40","guid":{"rendered":"http:\/\/www.caths.cz\/wordpress\/?p=995"},"modified":"2009-04-12T10:45:40","modified_gmt":"2009-04-12T09:45:40","slug":"jezek-ma-po-padu-zlomene-zebro-a-tezke-pohmozdeniny","status":"publish","type":"post","link":"https:\/\/www.caths.cz\/wordpress\/jezek-ma-po-padu-zlomene-zebro-a-tezke-pohmozdeniny\/","title":{"rendered":"Je\u017eek m\u00e1 po p\u00e1du zlomen\u00e9 \u017eebro a t\u011b\u017ek\u00e9 pohmo\u017ed\u011bniny"},"content":{"rendered":"<p align=\"justify\">Za\u010d\u00e1tek leto\u0161n\u00ed sez\u00f3ny je pro na\u0161eho nejlep\u0161\u00edho cyklistu zat\u00edm opravdu ve znamen\u00ed sm\u016fly. Po zdravotn\u00edch probl\u00e9mech, kter\u00e9 ho prov\u00e1zely b\u011bhem etapov\u00e9ho z\u00e1vodu v Dominik\u00e1nsk\u00e9 republice, m\u00e1 cyklista Ji\u0159\u00ed Je\u017eek dal\u0161\u00ed starosti.<br \/>\nP\u0159i p\u00e1du v silni\u010dn\u00edm z\u00e1vod\u011b si p\u0159ivodil zlomeninu \u017eebra, utrp\u011bl i t\u011b\u017ek\u00e9 pohmo\u017ed\u011bniny a od\u0159eniny po cel\u00e9m t\u011ble a je v p\u00e9\u010di l\u00e9ka\u0159\u016f cyklistick\u00e9 reprezentace.<\/p>\n<p align=\"justify\">Podle vyj\u00e1d\u0159en\u00ed tren\u00e9ra Zapletala \u00faraz ovlivn\u00ed Je\u017ek\u016fv z\u00e1vodn\u00ed kalend\u00e1\u0159 i tr\u00e9ninkov\u00fd pl\u00e1n na nejbli\u017e\u0161\u00ed m\u011bs\u00edc, p\u0159esto by se m\u011bl v\u00fdznamn\u00fdch z\u00e1vod\u016f Evropsk\u00e9ho a Sv\u011btov\u00e9ho poh\u00e1ru, pl\u00e1novan\u00fdch na kv\u011bten, z\u00fa\u010dastnit v pln\u00e9 s\u00edle.<\/p>\n","protected":false},"excerpt":{"rendered":"<a href=\"https:\/\/www.caths.cz\/wordpress\/jezek-ma-po-padu-zlomene-zebro-a-tezke-pohmozdeniny\/\"><img loading=\"lazy\" decoding=\"async\" width=\"100\" height=\"100\" src=\"https:\/\/www.caths.cz\/wordpress\/wp-content\/plugins\/thumbnail-for-excerpts\/tfe_no_thumb.png\" class=\"alignleft wp-post-image tfe\" alt=\"\" title=\"\" \/><\/a><p>Za\u010d\u00e1tek leto\u0161n\u00ed sez\u00f3ny je pro na\u0161eho nejlep\u0161\u00edho cyklistu zat\u00edm opravdu ve znamen\u00ed sm\u016fly. Po zdravotn\u00edch probl\u00e9mech, kter\u00e9 ho prov\u00e1zely b\u011bhem etapov\u00e9ho z\u00e1vodu v Dominik\u00e1nsk\u00e9 republice, m\u00e1 cyklista Ji\u0159\u00ed Je\u017eek dal\u0161\u00ed [&hellip;]<\/p>\n","protected":false},"author":1,"featured_media":0,"comment_status":"closed","ping_status":"closed","sticky":false,"template":"","format":"standard","meta":{"ngg_post_thumbnail":0,"footnotes":""},"categories":[2],"tags":[],"class_list":["post-995","post","type-post","status-publish","format-standard","hentry","category-cyklistika"],"_links":{"self":[{"href":"https:\/\/www.caths.cz\/wordpress\/wp-json\/wp\/v2\/posts\/995","targetHints":{"allow":["GET"]}}],"collection":[{"href":"https:\/\/www.caths.cz\/wordpress\/wp-json\/wp\/v2\/posts"}],"about":[{"href":"https:\/\/www.caths.cz\/wordpress\/wp-json\/wp\/v2\/types\/post"}],"author":[{"embeddable":true,"href":"https:\/\/www.caths.cz\/wordpress\/wp-json\/wp\/v2\/users\/1"}],"replies":[{"embeddable":true,"href":"https:\/\/www.caths.cz\/wordpress\/wp-json\/wp\/v2\/comments?post=995"}],"version-history":[{"count":0,"href":"https:\/\/www.caths.cz\/wordpress\/wp-json\/wp\/v2\/posts\/995\/revisions"}],"wp:attachment":[{"href":"https:\/\/www.caths.cz\/wordpress\/wp-json\/wp\/v2\/media?parent=995"}],"wp:term":[{"taxonomy":"category","embeddable":true,"href":"https:\/\/www.caths.cz\/wordpress\/wp-json\/wp\/v2\/categories?post=995"},{"taxonomy":"post_tag","embeddable":true,"href":"https:\/\/www.caths.cz\/wordpress\/wp-json\/wp\/v2\/tags?post=995"}],"curies":[{"name":"wp","href":"https:\/\/api.w.org\/{rel}","templated":true}]}}