{"id":986,"date":"2009-03-26T09:53:13","date_gmt":"2009-03-26T08:53:13","guid":{"rendered":"http:\/\/www.caths.cz\/wordpress\/?p=986"},"modified":"2009-03-26T09:53:13","modified_gmt":"2009-03-26T08:53:13","slug":"jachtar-sadilek-vyrazi-na-more","status":"publish","type":"post","link":"https:\/\/www.caths.cz\/wordpress\/jachtar-sadilek-vyrazi-na-more\/","title":{"rendered":"Jachta\u0159 Sad\u00edlek vyr\u00e1\u017e\u00ed na mo\u0159e"},"content":{"rendered":"<p align=\"justify\">\n\u010clen \u010cesk\u00e9ho Reprezanta\u010dn\u00edho dru\u017estva v jachtingu Alexander Sad\u00edlek se v<br \/>\np\u0159\u00ed\u0161t\u00edch dnech z\u00fa\u010dastn\u00ed Velikono\u010dn\u00ed regaty v n\u00e1mo\u0159n\u00edm jachtingu. Jako jedin\u00fd<br \/>\nhendikepovan\u00fd jachta\u0159 se z\u00fa\u010dastn\u00ed tohoto n\u00e1ro\u010dn\u00e9ho z\u00e1vodu z Beogradu do<br \/>\nDubrovniku a zp\u011bt. Je kormideln\u00edkem pos\u00e1dky kapit\u00e1na Ji\u0159\u00edho Vale\u0161e na lodi<br \/>\n\u010d. 61se jm\u00e9nem Saint Martin.\n<\/p>\n<p align=\"justify\"> Cel\u00fd pr\u016fb\u011bh z\u00e1vodu m\u016f\u017eete sledovat na : <br \/> <strong><a href=\"http:\/\/www.velikonocniregata.cz\/2009\/ \"><font color=\"#0066CC\">www.velikonocniregata.cz\/2009\/ <\/font><\/a><\/strong><\/p>\n<p> <img decoding=\"async\" src=\"\/wordpress\/image\/k_clankum\/jch09.jpg\"> <\/p>\n","protected":false},"excerpt":{"rendered":"<a href=\"https:\/\/www.caths.cz\/wordpress\/jachtar-sadilek-vyrazi-na-more\/\"><img loading=\"lazy\" decoding=\"async\" width=\"100\" height=\"100\" src=\"https:\/\/www.caths.cz\/wordpress\/wp-content\/plugins\/thumbnail-for-excerpts\/tfe_no_thumb.png\" class=\"alignleft wp-post-image tfe\" alt=\"\" title=\"\" \/><\/a><p>\u010clen \u010cesk\u00e9ho Reprezanta\u010dn\u00edho dru\u017estva v jachtingu Alexander Sad\u00edlek se v p\u0159\u00ed\u0161t\u00edch dnech z\u00fa\u010dastn\u00ed Velikono\u010dn\u00ed regaty v n\u00e1mo\u0159n\u00edm jachtingu. Jako jedin\u00fd hendikepovan\u00fd jachta\u0159 se z\u00fa\u010dastn\u00ed tohoto n\u00e1ro\u010dn\u00e9ho z\u00e1vodu z Beogradu do [&hellip;]<\/p>\n","protected":false},"author":1,"featured_media":0,"comment_status":"closed","ping_status":"closed","sticky":false,"template":"","format":"standard","meta":{"ngg_post_thumbnail":0,"footnotes":""},"categories":[11],"tags":[],"class_list":["post-986","post","type-post","status-publish","format-standard","hentry","category-jachting"],"_links":{"self":[{"href":"https:\/\/www.caths.cz\/wordpress\/wp-json\/wp\/v2\/posts\/986","targetHints":{"allow":["GET"]}}],"collection":[{"href":"https:\/\/www.caths.cz\/wordpress\/wp-json\/wp\/v2\/posts"}],"about":[{"href":"https:\/\/www.caths.cz\/wordpress\/wp-json\/wp\/v2\/types\/post"}],"author":[{"embeddable":true,"href":"https:\/\/www.caths.cz\/wordpress\/wp-json\/wp\/v2\/users\/1"}],"replies":[{"embeddable":true,"href":"https:\/\/www.caths.cz\/wordpress\/wp-json\/wp\/v2\/comments?post=986"}],"version-history":[{"count":0,"href":"https:\/\/www.caths.cz\/wordpress\/wp-json\/wp\/v2\/posts\/986\/revisions"}],"wp:attachment":[{"href":"https:\/\/www.caths.cz\/wordpress\/wp-json\/wp\/v2\/media?parent=986"}],"wp:term":[{"taxonomy":"category","embeddable":true,"href":"https:\/\/www.caths.cz\/wordpress\/wp-json\/wp\/v2\/categories?post=986"},{"taxonomy":"post_tag","embeddable":true,"href":"https:\/\/www.caths.cz\/wordpress\/wp-json\/wp\/v2\/tags?post=986"}],"curies":[{"name":"wp","href":"https:\/\/api.w.org\/{rel}","templated":true}]}}