{"id":985,"date":"2009-03-26T09:00:40","date_gmt":"2009-03-26T08:00:40","guid":{"rendered":"http:\/\/www.caths.cz\/wordpress\/?p=985"},"modified":"2009-03-26T09:00:40","modified_gmt":"2009-03-26T08:00:40","slug":"tuzemsky-kalendar-cyklistickych-zavodu-vcetne-zavodu-pro-sirokou-verejnost-pro-kategorie-handbike-lccp-tandem","status":"publish","type":"post","link":"https:\/\/www.caths.cz\/wordpress\/tuzemsky-kalendar-cyklistickych-zavodu-vcetne-zavodu-pro-sirokou-verejnost-pro-kategorie-handbike-lccp-tandem\/","title":{"rendered":"Tuzemsk\u00fd kalend\u00e1\u0159 cyklistick\u00fdch z\u00e1vod\u016f, v\u010detn\u011b z\u00e1vod\u016f pro \u0161irokou ve\u0159ejnost pro kategorie handbike, LC,CP, TANDEM"},"content":{"rendered":"<p align=\"justify\">\nP\u0159in\u00e1\u0161\u00edme v\u00e1m dopl\u0148uj\u00edc\u00ed \u00fadaje kalend\u00e1\u0159e tuzemsk\u00fdch z\u00e1vod\u016f pro kategorie LC,CP,Tandem a handbike, po\u0159\u00e1dan\u00fdch pod z\u00e1\u0161titou Sekce cyklistiky, handbike a triatlonu \u010cATHS.\n<\/p>\n<p align=\"justify\"> <strong><u>\u010cESK\u00dd POH\u00c1R TANDEM\u016e &#8211; DURATEC \u010cESK\u00dd POH\u00c1R TANDEM 2009 (ve spolupr\u00e1ci s \u010cSZPS)<\/strong><\/u><\/p>\n<p> 18.4. Pardubice<br \/> 01.5. Praha \u2013 Cihl\u00e1\u0159\u016fv memori\u00e1l<br \/> 03.5. Plze\u0148 \u2013 Lopat\u00e1rna<br \/> 19.6. Jizersk\u00e9 hory &#8211; <strong>M\u010cR<\/strong><br \/> 28.6. T\u0159ebenice . dvojz\u00e1vod: silni\u010dn\u00ed z\u00e1vod a \u010dasovka do vrchu<br \/> 11.7. EP Louny \u2013 \u010dasovka &#8211; <strong>M\u010cR<\/strong><br \/> 12.7. EP Louny \u2013 silni\u010dn\u00ed z\u00e1vod<br \/> 22.8. Kop\u0159ivnice<\/p>\n<p> <strong><u>Z\u00c1VODY PRO \u0160IROKOU VE\u0158EJNOST &#8211; SILNI\u010cN\u00cd Z\u00c1VODY &#8211; v\u0161echny kategorie (LC, CP, Tandem, handbike)<\/strong><\/u><\/p>\n<p> 10.5. Kam\u00fdk &#8211; silni\u010dn\u00ed z\u00e1vod<br \/> 31.5. Vrch. Janovice &#8211; \u010dasovka <strong>GRAND PRIX<\/strong><br \/> 07.6. Vrch. Janovice &#8211; silni\u010dn\u00ed z\u00e1vod<br \/> 14.6. Dob\u0159\u00ed\u0161 &#8211; \u010dasovka<br \/> 14.6. Dob\u0159\u00ed\u0161 &#8211; silni\u010dn\u00ed z\u00e1vod<br \/> 05.7. Mile\u0161ov &#8211; silni\u010dn\u00ed z\u00e1vod<br \/> 23.8. Solenice &#8211; \u010dasovka do vrchu<br \/> 27.9. Dob\u0159\u00ed\u0161 &#8211; \u010dasovka na okruhu na kter\u00e9m by se m\u011blo uskute\u010dnit v roce 2010 M\u010cR handbike<\/p>\n<p> <strong><u>Z\u00c1VODY PRO \u0160IROKOU VE\u0158EJNOST &#8211; MTB (LC, CP, Tandem)<\/strong><\/u><\/p>\n<p> 09.5. <strong> MALEVIL CUP &#8211; mezin\u00e1rodn\u00ed z\u00e1vod ve spolupr\u00e1ci s N\u011bmeckem pod z\u00e1\u0161titou UCI<\/strong><br \/> 15.5. Orl\u00edk \u2013 ve\u0159ejn\u00fd z\u00e1vod tandem\u016f<br \/> 06.6. Jizersk\u00e1 pades\u00e1tka \u2013 Bed\u0159ichov &#8211; <strong>M\u010cR<\/strong><br \/> V\u0161echny z\u00e1vody seri\u00e1lu <strong>KOLO PRO \u017dIVOT<\/strong><br \/> Povltavsk\u00fd DA BA poh\u00e1r (mimo tandem) <br \/> &#8211; 4.10. Dob\u0159\u00ed\u0161<br \/> &#8211; 11.10. Nesva\u010dily<br \/> &#8211; 18.10. Kam\u00fdk <\/p>\n<p> <img decoding=\"async\" src=\"\/wordpress\/image\/k_clankum\/kreta_xx.jpg\">  <\/p>\n","protected":false},"excerpt":{"rendered":"<a href=\"https:\/\/www.caths.cz\/wordpress\/tuzemsky-kalendar-cyklistickych-zavodu-vcetne-zavodu-pro-sirokou-verejnost-pro-kategorie-handbike-lccp-tandem\/\"><img loading=\"lazy\" decoding=\"async\" width=\"100\" height=\"100\" src=\"https:\/\/www.caths.cz\/wordpress\/wp-content\/plugins\/thumbnail-for-excerpts\/tfe_no_thumb.png\" class=\"alignleft wp-post-image tfe\" alt=\"\" title=\"\" \/><\/a><p>P\u0159in\u00e1\u0161\u00edme v\u00e1m dopl\u0148uj\u00edc\u00ed \u00fadaje kalend\u00e1\u0159e tuzemsk\u00fdch z\u00e1vod\u016f pro kategorie LC,CP,Tandem a handbike, po\u0159\u00e1dan\u00fdch pod z\u00e1\u0161titou Sekce cyklistiky, handbike a triatlonu \u010cATHS. \u010cESK\u00dd POH\u00c1R TANDEM\u016e &#8211; DURATEC \u010cESK\u00dd POH\u00c1R TANDEM 2009 [&hellip;]<\/p>\n","protected":false},"author":1,"featured_media":0,"comment_status":"closed","ping_status":"closed","sticky":false,"template":"","format":"standard","meta":{"ngg_post_thumbnail":0,"footnotes":""},"categories":[2],"tags":[],"class_list":["post-985","post","type-post","status-publish","format-standard","hentry","category-cyklistika"],"_links":{"self":[{"href":"https:\/\/www.caths.cz\/wordpress\/wp-json\/wp\/v2\/posts\/985","targetHints":{"allow":["GET"]}}],"collection":[{"href":"https:\/\/www.caths.cz\/wordpress\/wp-json\/wp\/v2\/posts"}],"about":[{"href":"https:\/\/www.caths.cz\/wordpress\/wp-json\/wp\/v2\/types\/post"}],"author":[{"embeddable":true,"href":"https:\/\/www.caths.cz\/wordpress\/wp-json\/wp\/v2\/users\/1"}],"replies":[{"embeddable":true,"href":"https:\/\/www.caths.cz\/wordpress\/wp-json\/wp\/v2\/comments?post=985"}],"version-history":[{"count":0,"href":"https:\/\/www.caths.cz\/wordpress\/wp-json\/wp\/v2\/posts\/985\/revisions"}],"wp:attachment":[{"href":"https:\/\/www.caths.cz\/wordpress\/wp-json\/wp\/v2\/media?parent=985"}],"wp:term":[{"taxonomy":"category","embeddable":true,"href":"https:\/\/www.caths.cz\/wordpress\/wp-json\/wp\/v2\/categories?post=985"},{"taxonomy":"post_tag","embeddable":true,"href":"https:\/\/www.caths.cz\/wordpress\/wp-json\/wp\/v2\/tags?post=985"}],"curies":[{"name":"wp","href":"https:\/\/api.w.org\/{rel}","templated":true}]}}