{"id":983,"date":"2009-03-24T07:16:27","date_gmt":"2009-03-24T06:16:27","guid":{"rendered":"http:\/\/www.caths.cz\/wordpress\/?p=983"},"modified":"2009-03-24T07:16:27","modified_gmt":"2009-03-24T06:16:27","slug":"malevil-cup-2009-poprve-v-historii-za-ucasti-stojicich-handicapovanych-cyklistu","status":"publish","type":"post","link":"https:\/\/www.caths.cz\/wordpress\/malevil-cup-2009-poprve-v-historii-za-ucasti-stojicich-handicapovanych-cyklistu\/","title":{"rendered":"Malevil Cup 2009 &#8211; poprv\u00e9 v historii za \u00fa\u010dasti stoj\u00edc\u00edch handicapovan\u00fdch cyklist\u016f"},"content":{"rendered":"<p align=\"justify\">Tradi\u010dn\u00ed bikov\u00fd z\u00e1vod Malevil Cup jako prvn\u00ed v \u010cR zav\u00e1d\u00ed ofici\u00e1ln\u00ed kategorie pro handicapovan\u00e9. <\/p>\n<p align=\"justify\"> To \u017ee letos Malevil Cup slav\u00ed jubilejn\u00ed des\u00e1t\u00e9 v\u00fdro\u010d\u00ed, nemus\u00edm \u017e\u00e1dn\u00e9mu bikerovi p\u0159ipom\u00ednat. <br \/> To \u017ee letos mezi novinkami Malevilu jsou i vlo\u017een\u00e9 z\u00e1vody se u\u017e asi tak\u00e9 ka\u017ed\u00fd do\u010detl. Jsou to orienta\u010dn\u00ed z\u00e1vod, d\u011btsk\u00fd a z\u00e1vod do vrchu.<br \/> A je zde je\u0161t\u011b dal\u0161\u00ed v\u00fdznamn\u00e1 novinka. Malevil Cup jako prvn\u00ed v \u010cR zav\u00e1d\u00ed ofici\u00e1ln\u00ed kategorie pro handicapovan\u00e9. Tyto kategorie budou zavedeny na krat\u0161\u00ed \u0161edes\u00e1tikilometrov\u00e9 trati, a c\u00edlov\u00fdm m\u00edstem je na 45km n\u011bmeck\u00e9 m\u011bsto Oybin. Odtud ka\u017ed\u00e9ho odveze Malevil bus zp\u011bt na ran\u010d. Ti co budou cht\u00edt pokra\u010dovat d\u00e1le po 65km trase budou klasifikov\u00e1ni nejen v kategorii paracycling, ale i ve v\u011bkov\u00fdch kategori\u00edch Malevil Cupu.<\/p>\n<p><img decoding=\"async\" src=\"\/wordpress\/image\/k_clankum\/malevil09\/Malevil Cup 2009 Flyer.jpg\"> <\/p>\n<p> Dle ofici\u00e1ln\u00edch pravidel budou vyhl\u00e1\u0161eny pro handicapovan\u00e9 tyto kategorie:<\/p>\n<p> 1- LC1 &#8211; posti\u017een\u00ed rukou (amputace a vrozen\u00e9 vady) a leh\u010d\u00ed posti\u017een\u00ed nohou<br \/> LC2 &#8211; podkolen\u00ed amputace (v\u011bt\u0161inou po \u00farazech) &#8211; pou\u017e\u00edvaj\u00ed prot\u00e9zu<br \/> CP4 \u2013 spastici (Spasticita je zv\u00fd\u0161en\u00fd nap\u011bt\u00ed ve svalech projevuje se a\u017e zatuhlost\u00ed, k\u0159e\u010dovit\u00fdm dr\u017een\u00edm i v klidov\u00e9m stavu)<\/p>\n<p> 2- LC3 &#8211; stehenn\u00ed amputace (na kole nepou\u017e\u00edvaj\u00ed prot\u00e9zu &#8211; \u0161lapou jen jednou nohou)<br \/> LC4 &#8211; kombinace posti\u017een\u00ed<br \/> CP3 &#8211; spastici<\/p>\n<p> 3- Tandem s nevidom\u00fdm<\/p>\n<p> V p\u0159\u00edpad\u011b v\u011bt\u0161\u00ed \u00fa\u010dasti se kategorie d\u00e1le rozd\u011bl\u00ed na mu\u017ee a \u017eeny.<\/p>\n<p> Shrnuto: Malevil Cup to na sv\u00e9 des\u00e1t\u00e9 narozeniny chyst\u00e1 p\u011bkn\u011b rozpar\u00e1dit, a tak by zde nem\u011bl chyb\u011bt nikdo, pro koho je MTB \u017eivotn\u00ed styl. <\/p>\n<p> Jak to v\u0161e za\u010dalo?<br \/> Kdy\u017e m\u011b realiza\u010dn\u00ed t\u00fdm Malevil Cupu oslovil, abych se zamyslel nad realizac\u00ed kategori\u00ed paralympic, rovnou jsem \u0159ekl, \u017ee je v\u011bt\u0161\u00ed \u00fa\u010dast nere\u00e1ln\u00e1. Horskou cyklistiku jezd\u00edm v \u010cR ve v\u011bt\u0161\u00edm m\u011b\u0159\u00edtku jako jednono\u017eka s\u00e1m. Tak p\u0159eci nemohu organizovat kategorii, kterou pojedu s\u00e1m, a s\u00e1m ji tak\u00e9 vyhraji.<br \/> Pak jsem ale zapojil svou fantazii a p\u0159edstavil jsem si: Kdyby p\u0159ijal pozv\u00e1n\u00ed n\u00e1\u0161 zlat\u00fd Jirka Je\u017eek, byli bychom v kategorii paralympic jen my dva, tak bych mohl b\u00fdt na stupni v\u00edt\u011bzn\u00e9m s Jirkou, a to u\u017e za tu n\u00e1mahu stoj\u00ed.<br \/> Ale v\u00e1\u017en\u011b budu moc r\u00e1d, pokud se kategorie paralympic ujme, a z\u00e1vodu se z\u00fa\u010dastn\u00ed po\u010detn\u00e9 pole cyklist\u016f s t\u011blesn\u00fdm handicapem. Jen chci p\u0159edem z vlastn\u00edch zku\u0161enost\u00ed p\u0159ipomenout n\u00e1ro\u010dnost tohoto z\u00e1vodu. J\u00e1 jsem jel v loni Malevil po druh\u00e9, to jsem v\u00e1\u017eil lehce pod 140kg a i s prot\u00e9zou jsem z\u00e1vod zvl\u00e1dl v relativn\u011b slu\u0161n\u00e9m \u010dase. Kategorie 1 tento z\u00e1vod zvl\u00e1dne bez pomoci druh\u00fdch, ale ka\u017ed\u00e9ho z kategorie 2 mus\u00edm varovat. Vzhledem k p\u0159ev\u00fd\u0161en\u00ed a po\u010dtu technick\u00fdch pas\u00e1\u017e\u00ed doporu\u010duji rozv\u00e1\u017enou j\u00edzdu a zdatn\u00e9ho pr\u016fvodce. V p\u0159\u00edpad\u011b z\u00e1jmu zajist\u00edme pr\u016fvodce z \u0159ad realiza\u010dn\u00edho t\u00fdmu \u010cern\u00fdch kon\u00ed.<br \/> Handicapovan\u00ed cyklist\u00e9 jezd\u00ed p\u0159ev\u00e1\u017en\u011b silni\u010dn\u00ed z\u00e1vody. P\u0159edpokl\u00e1d\u00e1m tedy, \u017ee v\u011bt\u0161ina z nich nem\u00e1 k dispozici horsk\u00e9 kolo. A tak spole\u010dnost MARIN BIKES, partner projektu Paracycling team \u010cern\u00ed kon\u011b, nab\u00eddla, \u017ee ka\u017ed\u00e9mu handicapovan\u00e9mu z\u00e1vodn\u00edkovi bezplatn\u011b zap\u016fj\u010d\u00ed horsk\u00e9 kolo Marin. (Sv\u00e9 rezervace zas\u00edlejte na cernikone@email.cz)<br \/> \u017d\u00e1d\u00e1m t\u00edmto ka\u017ed\u00e9ho, aby n\u00e1m tuto novou MTB kategorii pomohl nastartovat. Pokud zn\u00e1te ve sv\u00e9m okol\u00ed n\u011bkoho s v\u00fd\u0161e zm\u00edn\u011bn\u00fdm handicapem, \u0159ekn\u011bte mu o tomto z\u00e1vod\u011b. \u0158ekn\u011bte, \u017ee Tom\u00e1\u0161 Pouch to se 150kg a jednou nohou pojede ji\u017e po t\u0159et\u00ed. \u0158ekn\u011bte, \u017ee si m\u016f\u017ee bezplatn\u011b p\u016fj\u010dit horsk\u00e9 kolo. \u0158ekn\u011bte, \u017ee ka\u017ed\u00fd, kdo se postav\u00ed na start, je ji\u017e i v\u00edt\u011bzem. \u0158ekn\u011bte, \u017ee div\u00e1ci mu budou fandit z pln\u00fdch plic. \u0158ekn\u011bte\u2026 To za to stoj\u00ed!!!<\/p>\n<p> A co je\u0161t\u011b \u0159\u00edci?<br \/> Ji\u017e v tuto chv\u00edli mohu prozradit, \u017ee \u00fa\u010dast p\u0159isl\u00edbila i n\u011bmeck\u00e1 reprezentantka Yvonne Marzinke (kat.1), se kterou p\u0159ijedou i dal\u0161\u00ed zahrani\u010dn\u00ed paracyklist\u00e9.<br \/> Tren\u00e9ra reprezentace Mgr. Viktora Zapletala my\u0161lenka vzniku kategorie handicapovan\u00fdch v horsk\u00e9 cyklistice velmi nadchla, a nab\u00eddl n\u00e1m podporu cel\u00e9 \u010cATHS \u2013 \u010cesk\u00e1 asociace t\u011blesn\u011b handicapovan\u00fdch sportovc\u016f.<br \/> V\u011b\u0159\u00edme, \u017ee leto\u0161n\u00ed jubilejn\u00ed Malevil Cup bude dobr\u00fdm startem pro budouc\u00ed \u010cesk\u00fd poh\u00e1r MTB paracycling.<\/p>\n<p>Tom\u00e1\u0161 Pouch<\/p>\n<p> Pomozte podpo\u0159it nov\u00fd \u010desk\u00fd fenom\u00e9n &#8211; MTB paracycling.<br \/> V\u00edce informac\u00ed o kategorii paracycling naleznete na <strong><a href=\"http:\/\/www.paklisport.cz\/\"><font color=\"#0066CC\">\/www.paklisport.cz\/ <\/font><\/a><\/strong> a <strong><a href=\"http:\/\/www.cernikone.cz\/\"><font color=\"#0066CC\">\/www.cernikone.cz\/ <\/font><\/a><\/strong> <\/p>\n<p> <img decoding=\"async\" src=\"\/wordpress\/image\/k_clankum\/malevil09\/01.jpg\"> <\/p>\n<p> <img decoding=\"async\" src=\"\/wordpress\/image\/k_clankum\/malevil09\/05.jpg\"> <\/p>\n<p> <img decoding=\"async\" src=\"\/wordpress\/image\/k_clankum\/malevil09\/06.jpg\"> <\/p>\n<p> <img decoding=\"async\" src=\"\/wordpress\/image\/k_clankum\/malevil09\/07.jpg\"> <\/p>\n<p> <img decoding=\"async\" src=\"\/wordpress\/image\/k_clankum\/malevil09\/08.jpg\"> <\/p>\n<p> <img decoding=\"async\" src=\"\/wordpress\/image\/k_clankum\/malevil09\/17.jpg\"> <\/p>\n<p> <img decoding=\"async\" src=\"\/wordpress\/image\/k_clankum\/malevil09\/20.jpg\"> <\/p>\n<p> <img decoding=\"async\" src=\"\/wordpress\/image\/k_clankum\/malevil09\/21.JPG\"> <\/p>\n<p> <img decoding=\"async\" src=\"\/wordpress\/image\/k_clankum\/malevil09\/22.jpg\"> <\/p>\n<p> <img decoding=\"async\" src=\"\/wordpress\/image\/k_clankum\/malevil09\/24.jpg\"> <\/p>\n<p> <img decoding=\"async\" src=\"\/wordpress\/image\/k_clankum\/malevil09\/29.jpg\"> <\/p>\n<p> <img decoding=\"async\" src=\"\/wordpress\/image\/k_clankum\/malevil09\/30.JPG\"> <\/p>\n","protected":false},"excerpt":{"rendered":"<a href=\"https:\/\/www.caths.cz\/wordpress\/malevil-cup-2009-poprve-v-historii-za-ucasti-stojicich-handicapovanych-cyklistu\/\"><img loading=\"lazy\" decoding=\"async\" width=\"100\" height=\"100\" src=\"https:\/\/www.caths.cz\/wordpress\/wp-content\/plugins\/thumbnail-for-excerpts\/tfe_no_thumb.png\" class=\"alignleft wp-post-image tfe\" alt=\"\" title=\"\" \/><\/a><p>Tradi\u010dn\u00ed bikov\u00fd z\u00e1vod Malevil Cup jako prvn\u00ed v \u010cR zav\u00e1d\u00ed ofici\u00e1ln\u00ed kategorie pro handicapovan\u00e9. To \u017ee letos Malevil Cup slav\u00ed jubilejn\u00ed des\u00e1t\u00e9 v\u00fdro\u010d\u00ed, nemus\u00edm \u017e\u00e1dn\u00e9mu bikerovi p\u0159ipom\u00ednat. To \u017ee letos [&hellip;]<\/p>\n","protected":false},"author":1,"featured_media":0,"comment_status":"closed","ping_status":"closed","sticky":false,"template":"","format":"standard","meta":{"ngg_post_thumbnail":0,"footnotes":""},"categories":[2],"tags":[],"class_list":["post-983","post","type-post","status-publish","format-standard","hentry","category-cyklistika"],"_links":{"self":[{"href":"https:\/\/www.caths.cz\/wordpress\/wp-json\/wp\/v2\/posts\/983","targetHints":{"allow":["GET"]}}],"collection":[{"href":"https:\/\/www.caths.cz\/wordpress\/wp-json\/wp\/v2\/posts"}],"about":[{"href":"https:\/\/www.caths.cz\/wordpress\/wp-json\/wp\/v2\/types\/post"}],"author":[{"embeddable":true,"href":"https:\/\/www.caths.cz\/wordpress\/wp-json\/wp\/v2\/users\/1"}],"replies":[{"embeddable":true,"href":"https:\/\/www.caths.cz\/wordpress\/wp-json\/wp\/v2\/comments?post=983"}],"version-history":[{"count":0,"href":"https:\/\/www.caths.cz\/wordpress\/wp-json\/wp\/v2\/posts\/983\/revisions"}],"wp:attachment":[{"href":"https:\/\/www.caths.cz\/wordpress\/wp-json\/wp\/v2\/media?parent=983"}],"wp:term":[{"taxonomy":"category","embeddable":true,"href":"https:\/\/www.caths.cz\/wordpress\/wp-json\/wp\/v2\/categories?post=983"},{"taxonomy":"post_tag","embeddable":true,"href":"https:\/\/www.caths.cz\/wordpress\/wp-json\/wp\/v2\/tags?post=983"}],"curies":[{"name":"wp","href":"https:\/\/api.w.org\/{rel}","templated":true}]}}