{"id":981,"date":"2009-03-23T12:41:54","date_gmt":"2009-03-23T11:41:54","guid":{"rendered":"http:\/\/www.caths.cz\/wordpress\/?p=981"},"modified":"2009-03-23T12:41:54","modified_gmt":"2009-03-23T11:41:54","slug":"zapis-ze-zasedani-vyboru-sea-strelectvi-konaneho-102-2009-ve-stritezi-nad-becvou","status":"publish","type":"post","link":"https:\/\/www.caths.cz\/wordpress\/zapis-ze-zasedani-vyboru-sea-strelectvi-konaneho-102-2009-ve-stritezi-nad-becvou\/","title":{"rendered":"Z\u00e1pis ze zased\u00e1n\u00ed v\u00fdboru SEA st\u0159electv\u00ed konan\u00e9ho 10.2. 2009 ve St\u0159\u00edt\u011b\u017ei nad Be\u010dvou"},"content":{"rendered":"<p>Ke sta\u017een\u00ed  <strong><a href=\"storage\/strelba\/290210 - zapis SEA, dD.doc\"><font face=\"Trebuchet MS\" size=\"2\"><br \/>\nzde<\/strong><\/font><\/a><\/p>\n","protected":false},"excerpt":{"rendered":"<a href=\"https:\/\/www.caths.cz\/wordpress\/zapis-ze-zasedani-vyboru-sea-strelectvi-konaneho-102-2009-ve-stritezi-nad-becvou\/\"><img loading=\"lazy\" decoding=\"async\" width=\"100\" height=\"100\" src=\"https:\/\/www.caths.cz\/wordpress\/wp-content\/plugins\/thumbnail-for-excerpts\/tfe_no_thumb.png\" class=\"alignleft wp-post-image tfe\" alt=\"\" title=\"\" \/><\/a><p>Ke sta\u017een\u00ed zde<\/p>\n","protected":false},"author":1,"featured_media":0,"comment_status":"closed","ping_status":"closed","sticky":false,"template":"","format":"standard","meta":{"ngg_post_thumbnail":0,"footnotes":""},"categories":[18],"tags":[],"class_list":["post-981","post","type-post","status-publish","format-standard","hentry","category-strelba"],"_links":{"self":[{"href":"https:\/\/www.caths.cz\/wordpress\/wp-json\/wp\/v2\/posts\/981","targetHints":{"allow":["GET"]}}],"collection":[{"href":"https:\/\/www.caths.cz\/wordpress\/wp-json\/wp\/v2\/posts"}],"about":[{"href":"https:\/\/www.caths.cz\/wordpress\/wp-json\/wp\/v2\/types\/post"}],"author":[{"embeddable":true,"href":"https:\/\/www.caths.cz\/wordpress\/wp-json\/wp\/v2\/users\/1"}],"replies":[{"embeddable":true,"href":"https:\/\/www.caths.cz\/wordpress\/wp-json\/wp\/v2\/comments?post=981"}],"version-history":[{"count":0,"href":"https:\/\/www.caths.cz\/wordpress\/wp-json\/wp\/v2\/posts\/981\/revisions"}],"wp:attachment":[{"href":"https:\/\/www.caths.cz\/wordpress\/wp-json\/wp\/v2\/media?parent=981"}],"wp:term":[{"taxonomy":"category","embeddable":true,"href":"https:\/\/www.caths.cz\/wordpress\/wp-json\/wp\/v2\/categories?post=981"},{"taxonomy":"post_tag","embeddable":true,"href":"https:\/\/www.caths.cz\/wordpress\/wp-json\/wp\/v2\/tags?post=981"}],"curies":[{"name":"wp","href":"https:\/\/api.w.org\/{rel}","templated":true}]}}