{"id":967,"date":"2009-03-04T11:28:47","date_gmt":"2009-03-04T10:28:47","guid":{"rendered":"http:\/\/www.caths.cz\/wordpress\/?p=967"},"modified":"2009-03-04T11:28:47","modified_gmt":"2009-03-04T10:28:47","slug":"terminy-beneficnich-koncertu-pro-handicapovane-sportovce-v-roce-2009-jsou-na-svete","status":"publish","type":"post","link":"https:\/\/www.caths.cz\/wordpress\/terminy-beneficnich-koncertu-pro-handicapovane-sportovce-v-roce-2009-jsou-na-svete\/","title":{"rendered":"Term\u00edny benefi\u010dn\u00edch koncert\u016f pro handicapovan\u00e9 sportovce v roce 2009 jsou na sv\u011bt\u011b!"},"content":{"rendered":"<p align=\"justify\"> <strong><u>M\u016f\u017eeme se tedy t\u011b\u0161it na: <\/u><\/p>\n<p> 12.6. 009 Tradi\u010dn\u00ed (nejenom) Open Air hudebn\u00ed festival MotoLFest 009<br \/> 9.10. 009 Podzimn\u00ed MotoLFest 009<br \/> 4.12. 009 Charkovo 009<\/strong><\/p>\n<p> Vystoup\u00ed cel\u00e1 \u0159ada um\u011blc\u016f i skupin a tradi\u010dn\u011b se p\u0159edstav\u00ed skupiny slo\u017een\u00e9 POUZE z l\u00e9ka\u0159\u016f, co\u017e p\u0159edstavuje pravd\u011bpodobn\u011b sv\u011btov\u00fd unik\u00e1t, jako je nap\u0159\u00edklad \u0160kolen\u00ed sester (ve kter\u00e9m vystupuje nap\u0159\u00edklad i d\u011bkan 2.LF UK Doc. Ond\u0159ej Hru\u0161\u00e1k Phd., atd.), B\u00edl\u00e1 nemoc, B.LUES, Theodor Adla revival \u010di &#8222;\u0161\u00edlen\u00e9&#8220; uskupen\u00ed p\u011bti renomovan\u00fdch psychiatr\u016f &#8211; S.D.R. Project. <\/p>\n<p> Koncerty se mohou uskute\u010dnit d\u00edky podpo\u0159e cel\u00e9 \u0159ady sponzor\u016f jako jsou nap\u0159\u00edklad pivovar STAROPRAMEN, spole\u010dnost PINELLI, 2. l\u00e9ka\u0159sk\u00e1 fakulta, BURGHOF CAF\u00c9, \u010di L\u00e9k\u00e1rna pod Motolskou nemocnic\u00ed, kter\u00fdm pat\u0159\u00ed n\u00e1\u0161 velik\u00fd d\u00edk. <\/p>\n<p><img decoding=\"async\" src=\"\/wordpress\/image\/k_clankum\/mot11.jpg\">&#038;nbsp&#038;nbsp <img decoding=\"async\" src=\"\/wordpress\/image\/k_clankum\/mot22.jpg\"> <\/p>\n","protected":false},"excerpt":{"rendered":"<a href=\"https:\/\/www.caths.cz\/wordpress\/terminy-beneficnich-koncertu-pro-handicapovane-sportovce-v-roce-2009-jsou-na-svete\/\"><img loading=\"lazy\" decoding=\"async\" width=\"100\" height=\"100\" src=\"https:\/\/www.caths.cz\/wordpress\/wp-content\/plugins\/thumbnail-for-excerpts\/tfe_no_thumb.png\" class=\"alignleft wp-post-image tfe\" alt=\"\" title=\"\" \/><\/a><p>M\u016f\u017eeme se tedy t\u011b\u0161it na: 12.6. 009 Tradi\u010dn\u00ed (nejenom) Open Air hudebn\u00ed festival MotoLFest 009 9.10. 009 Podzimn\u00ed MotoLFest 009 4.12. 009 Charkovo 009 Vystoup\u00ed cel\u00e1 \u0159ada um\u011blc\u016f i skupin [&hellip;]<\/p>\n","protected":false},"author":1,"featured_media":0,"comment_status":"closed","ping_status":"closed","sticky":false,"template":"","format":"standard","meta":{"ngg_post_thumbnail":0,"footnotes":""},"categories":[6],"tags":[],"class_list":["post-967","post","type-post","status-publish","format-standard","hentry","category-caths-info"],"_links":{"self":[{"href":"https:\/\/www.caths.cz\/wordpress\/wp-json\/wp\/v2\/posts\/967","targetHints":{"allow":["GET"]}}],"collection":[{"href":"https:\/\/www.caths.cz\/wordpress\/wp-json\/wp\/v2\/posts"}],"about":[{"href":"https:\/\/www.caths.cz\/wordpress\/wp-json\/wp\/v2\/types\/post"}],"author":[{"embeddable":true,"href":"https:\/\/www.caths.cz\/wordpress\/wp-json\/wp\/v2\/users\/1"}],"replies":[{"embeddable":true,"href":"https:\/\/www.caths.cz\/wordpress\/wp-json\/wp\/v2\/comments?post=967"}],"version-history":[{"count":0,"href":"https:\/\/www.caths.cz\/wordpress\/wp-json\/wp\/v2\/posts\/967\/revisions"}],"wp:attachment":[{"href":"https:\/\/www.caths.cz\/wordpress\/wp-json\/wp\/v2\/media?parent=967"}],"wp:term":[{"taxonomy":"category","embeddable":true,"href":"https:\/\/www.caths.cz\/wordpress\/wp-json\/wp\/v2\/categories?post=967"},{"taxonomy":"post_tag","embeddable":true,"href":"https:\/\/www.caths.cz\/wordpress\/wp-json\/wp\/v2\/tags?post=967"}],"curies":[{"name":"wp","href":"https:\/\/api.w.org\/{rel}","templated":true}]}}