{"id":964,"date":"2009-03-01T17:15:23","date_gmt":"2009-03-01T16:15:23","guid":{"rendered":"http:\/\/www.caths.cz\/wordpress\/?p=964"},"modified":"2009-03-01T17:15:23","modified_gmt":"2009-03-01T16:15:23","slug":"mimoradny-uspech-jiriho-jezka-v-etapovem-zavode-vuelta-dominicana","status":"publish","type":"post","link":"https:\/\/www.caths.cz\/wordpress\/mimoradny-uspech-jiriho-jezka-v-etapovem-zavode-vuelta-dominicana\/","title":{"rendered":"Mimo\u0159\u00e1dn\u00fd \u00fasp\u011bch Ji\u0159\u00edho Je\u017eka v etapov\u00e9m z\u00e1vod\u011b Vuelta Dominicana!"},"content":{"rendered":"<p align=\"justify\">\nJi\u0159\u00ed Je\u017eek op\u011bt posunul v\u00fdkonnostn\u00ed hranice handicapovan\u00e9ho sportovce, kdy\u017e v etapov\u00e9m z\u00e1vod\u011b profesion\u00e1l\u016f, druh\u00e9 nejvy\u0161\u0161\u00ed kategorie UCI, vybojoval v \u0161est\u00e9 etap\u011b vynikaj\u00edc\u00ed t\u0159et\u00ed m\u00edsto.\n<\/p>\n<p align=\"justify\"> Jirka v prvn\u00ed t\u0159etin\u011b z\u00e1vodu nejprve dostihnul po samostatn\u00e9 st\u00edhac\u00ed j\u00edzd\u011b trojici uprchl\u00edk\u016f, kte\u0159\u00ed m\u011bli na peloton n\u00e1skok ji\u017e p\u0159es t\u0159i minuty. Pot\u00e9 \u0159\u00eddil tempo t\u00e9to skupinky a v\u00fdraznou m\u011brou p\u0159isp\u011bl k tomu, \u017ee nebyla dostihnuta a\u017e do sam\u00e9ho z\u00e1v\u011bru, ve kter\u00e9m ve sprintu vybojoval fantastick\u00e9 t\u0159et\u00ed m\u00edsto. <br \/> Toto um\u00edst\u011bn\u00ed je jedn\u00edm z nejv\u00fdrazn\u011bj\u0161\u00edch \u00fasp\u011bch\u016f, kter\u00fd se handicapovan\u00e9mu cyklistovi poda\u0159ilo dos\u00e1hnout v z\u00e1vod\u011b profesion\u00e1l\u016f tak vysok\u00e9 \u00farovn\u011b UCI. <\/p>\n<p> <img decoding=\"async\" src=\"\/wordpress\/image\/k_clankum\/Snimek 094.jpg\"> <\/p>\n","protected":false},"excerpt":{"rendered":"<a href=\"https:\/\/www.caths.cz\/wordpress\/mimoradny-uspech-jiriho-jezka-v-etapovem-zavode-vuelta-dominicana\/\"><img loading=\"lazy\" decoding=\"async\" width=\"100\" height=\"100\" src=\"https:\/\/www.caths.cz\/wordpress\/wp-content\/plugins\/thumbnail-for-excerpts\/tfe_no_thumb.png\" class=\"alignleft wp-post-image tfe\" alt=\"\" title=\"\" \/><\/a><p>Ji\u0159\u00ed Je\u017eek op\u011bt posunul v\u00fdkonnostn\u00ed hranice handicapovan\u00e9ho sportovce, kdy\u017e v etapov\u00e9m z\u00e1vod\u011b profesion\u00e1l\u016f, druh\u00e9 nejvy\u0161\u0161\u00ed kategorie UCI, vybojoval v \u0161est\u00e9 etap\u011b vynikaj\u00edc\u00ed t\u0159et\u00ed m\u00edsto. Jirka v prvn\u00ed t\u0159etin\u011b z\u00e1vodu nejprve [&hellip;]<\/p>\n","protected":false},"author":1,"featured_media":0,"comment_status":"closed","ping_status":"closed","sticky":false,"template":"","format":"standard","meta":{"ngg_post_thumbnail":0,"footnotes":""},"categories":[2],"tags":[],"class_list":["post-964","post","type-post","status-publish","format-standard","hentry","category-cyklistika"],"_links":{"self":[{"href":"https:\/\/www.caths.cz\/wordpress\/wp-json\/wp\/v2\/posts\/964","targetHints":{"allow":["GET"]}}],"collection":[{"href":"https:\/\/www.caths.cz\/wordpress\/wp-json\/wp\/v2\/posts"}],"about":[{"href":"https:\/\/www.caths.cz\/wordpress\/wp-json\/wp\/v2\/types\/post"}],"author":[{"embeddable":true,"href":"https:\/\/www.caths.cz\/wordpress\/wp-json\/wp\/v2\/users\/1"}],"replies":[{"embeddable":true,"href":"https:\/\/www.caths.cz\/wordpress\/wp-json\/wp\/v2\/comments?post=964"}],"version-history":[{"count":0,"href":"https:\/\/www.caths.cz\/wordpress\/wp-json\/wp\/v2\/posts\/964\/revisions"}],"wp:attachment":[{"href":"https:\/\/www.caths.cz\/wordpress\/wp-json\/wp\/v2\/media?parent=964"}],"wp:term":[{"taxonomy":"category","embeddable":true,"href":"https:\/\/www.caths.cz\/wordpress\/wp-json\/wp\/v2\/categories?post=964"},{"taxonomy":"post_tag","embeddable":true,"href":"https:\/\/www.caths.cz\/wordpress\/wp-json\/wp\/v2\/tags?post=964"}],"curies":[{"name":"wp","href":"https:\/\/api.w.org\/{rel}","templated":true}]}}