{"id":963,"date":"2009-02-28T13:09:16","date_gmt":"2009-02-28T12:09:16","guid":{"rendered":"http:\/\/www.caths.cz\/wordpress\/?p=963"},"modified":"2009-02-28T13:09:16","modified_gmt":"2009-02-28T12:09:16","slug":"zprava-reprezentacni-trenerky-petry-syrovatkove-z-ms-v-lyzovani","status":"publish","type":"post","link":"https:\/\/www.caths.cz\/wordpress\/zprava-reprezentacni-trenerky-petry-syrovatkove-z-ms-v-lyzovani\/","title":{"rendered":"Zpr\u00e1va reprezenta\u010dn\u00ed tren\u00e9rky Petry Syrov\u00e1tkov\u00e9 z MS v ly\u017eov\u00e1n\u00ed"},"content":{"rendered":"<p align=\"justify\">Na MS v Jihokorejsk\u00e9m centru High1 startovali t\u0159i  \u010de\u0161t\u00ed TP ly\u017ea\u0159i ve \u010dty\u0159ech discipl\u00edn\u00e1ch. Nejlep\u0161\u00ed v\u00fdsledky jsme o\u010dek\u00e1vali od Standy Losky ve slalomu a Radima Kozlovsk\u00e9ho v superG.  Pro Oldu Jel\u00ednka to byl prvn\u00ed start na velk\u00e9 sout\u011b\u017ei a pokus nominovat se na paralympi\u00e1du do Vancouveru. <\/p>\n<p align=\"justify\"> Oldovi se neda\u0159ilo v jeho obl\u00edben\u00e9m slalomu, v z\u00e1v\u011bru prvn\u00edho kola nezvl\u00e1dl v\u00fdjezd z trojvl\u00e1senky, t\u00e9m\u011b\u0159 br\u00e1nu minul, ztratil rychlost a \u010dasem nepostoupil do druh\u00e9ho kola. Podobn\u00e9 to bylo i v ob\u0159\u00edm slalomu. V superkombinaci, ale p\u0159edvedl, \u017ee by si nominaci do Vancouveru zaslou\u017eil. Slu\u0161n\u011b jel SG a slalom jel velmi takticky na jistotu, kdy v\u011bd\u011bl, \u017ee z\u00e1vodn\u00edky p\u0159ed sebou nem\u00e1 \u0161anci porazit, \u0161lo o to udr\u017eet za sebou ostatn\u00ed. Tra\u0165 slalomu byla velmi rozbit\u00e1 a z\u00e1vodn\u00edci vypad\u00e1vali jeden za druh\u00fdm. Olda sjel slalom bez v\u011bt\u0161\u00edch chyb a v c\u00edli mu pat\u0159ilo 17. m\u00edsto. O jednu p\u0159\u00ed\u010dku si nesplnil sen, p\u0159esto \u2013 v\u00fdborn\u00fd v\u00fdsledek. \u00datern\u00ed SG m\u011bl Olda rozjet\u00fd fantasticky a sm\u016fla ho postihle a\u017e t\u00e9m\u011b\u0159 v z\u00e1v\u011bru, kdy mu v\u00fdhled zakryla spr\u0161ka sn\u011bhu na br\u00fdle, sna\u017eil se je strhnout, ale to ho rozhodilo a vyjel z trati.<\/p>\n<p> Radim na MS nep\u0159edvedl co um\u00ed. Na vin\u011b je z\u0159ejm\u011b t\u00e9m\u011b\u0159 dvoum\u011bs\u00ed\u010dn\u00ed tr\u00e9ninkov\u00fd v\u00fdpadek v za\u010d\u00e1tku sezony, kdy si zranil rameno. Prvn\u00ed kolo slalomu sice dokon\u010dil i p\u0159es p\u00e1d, ale na postup do druh\u00e9ho kola to nesta\u010dilo. V ob\u0159\u00edm slalomu minul br\u00e1nu a byl diskvalifikovan\u00fd. V superkombinaci se mu nevyda\u0159ilo jeho obl\u00edben\u00e9 SG a do slamu u\u017e nepostoupil. Jedin\u00fd z\u00e1pis ve v\u00fdsledkov\u00e9 listin\u011b je tak 28. m\u00edsto ze SuperG<\/p>\n<p> Standa sv\u016fj \u00fakol splnil. Ve slalomu v obrovsk\u00e9 konkurenci obsadil v\u00fdborn\u00e9 12. m\u00edsto, p\u0159esto\u017ee tra\u0165 byla po projet\u00ed 3 kategori\u00ed \u017een a zrakov\u011b posti\u017een\u00fdch mu\u017e\u016f, u\u017e zna\u010dn\u011b rozbit\u00e1. V ob\u0159\u00edm slalomu jsme se t\u011b\u0161ily na podobn\u00fd v\u00fdsledek, ale Standa v prvn\u00edm kole smoln\u011b minul posledn\u00ed br\u00e1nu p\u0159ed c\u00edlem a z\u00e1vod pro n\u011bj skon\u010dil. Po dnu volna, \u010dekala z\u00e1vodn\u00edky n\u00e1ro\u010dn\u00e1 superkombinace (SG a slalom). Rychlostn\u00ed discipl\u00edny Standovi p\u0159\u00edli\u0161 nesed\u00ed, p\u0159esto zajel SG dob\u0159e a v sou\u010dtu se slalomem mu to vyneslo kr\u00e1sn\u00e9 17. m\u00edsto. V samotn\u00e9m SG pak skon\u010dil 27. Stando GRATULUJEME!<\/p>\n<p> V z\u00e1v\u011bru nesm\u00edm samoz\u0159ejm\u011b zapomenout poblahop\u0159\u00e1t k zat\u00edm dvojn\u00e1sobn\u00e9mu medailov\u00e9mu \u00fasp\u011bchu zrakov\u011b posti\u017een\u00e9 Ann\u011b Kul\u00ed\u0161kov\u00e9 a jej\u00ed tras\u00e9ra Michaele Huba\u010dov\u00e9, kter\u00e9 si dojeli pro bronzovou medaili v ob\u0159\u00edm slalomu a SuperG. Sjezd je je\u0161t\u011b \u010dek\u00e1. Ani\u010dko, M\u00ed\u0161o &#8211; DR\u017d\u00cdME PALCE!<\/p>\n<p> <img decoding=\"async\" src=\"\/wordpress\/image\/k_clankum\/korea\/k1.jpg\"><\/p>\n<p> <img decoding=\"async\" src=\"\/wordpress\/image\/k_clankum\/korea\/k2.jpg\"><\/p>\n<p> <img decoding=\"async\" src=\"\/wordpress\/image\/k_clankum\/korea\/k3.jpg\"><\/p>\n<p> <img decoding=\"async\" src=\"\/wordpress\/image\/k_clankum\/korea\/k4.jpg\"><\/p>\n<p> <img decoding=\"async\" src=\"\/wordpress\/image\/k_clankum\/korea\/k5.jpg\"><\/p>\n","protected":false},"excerpt":{"rendered":"<a href=\"https:\/\/www.caths.cz\/wordpress\/zprava-reprezentacni-trenerky-petry-syrovatkove-z-ms-v-lyzovani\/\"><img loading=\"lazy\" decoding=\"async\" width=\"100\" height=\"100\" src=\"https:\/\/www.caths.cz\/wordpress\/wp-content\/plugins\/thumbnail-for-excerpts\/tfe_no_thumb.png\" class=\"alignleft wp-post-image tfe\" alt=\"\" title=\"\" \/><\/a><p>Na MS v Jihokorejsk\u00e9m centru High1 startovali t\u0159i \u010de\u0161t\u00ed TP ly\u017ea\u0159i ve \u010dty\u0159ech discipl\u00edn\u00e1ch. Nejlep\u0161\u00ed v\u00fdsledky jsme o\u010dek\u00e1vali od Standy Losky ve slalomu a Radima Kozlovsk\u00e9ho v superG. Pro Oldu [&hellip;]<\/p>\n","protected":false},"author":1,"featured_media":0,"comment_status":"closed","ping_status":"closed","sticky":false,"template":"","format":"standard","meta":{"ngg_post_thumbnail":0,"footnotes":""},"categories":[14],"tags":[],"class_list":["post-963","post","type-post","status-publish","format-standard","hentry","category-lyzovani"],"_links":{"self":[{"href":"https:\/\/www.caths.cz\/wordpress\/wp-json\/wp\/v2\/posts\/963","targetHints":{"allow":["GET"]}}],"collection":[{"href":"https:\/\/www.caths.cz\/wordpress\/wp-json\/wp\/v2\/posts"}],"about":[{"href":"https:\/\/www.caths.cz\/wordpress\/wp-json\/wp\/v2\/types\/post"}],"author":[{"embeddable":true,"href":"https:\/\/www.caths.cz\/wordpress\/wp-json\/wp\/v2\/users\/1"}],"replies":[{"embeddable":true,"href":"https:\/\/www.caths.cz\/wordpress\/wp-json\/wp\/v2\/comments?post=963"}],"version-history":[{"count":0,"href":"https:\/\/www.caths.cz\/wordpress\/wp-json\/wp\/v2\/posts\/963\/revisions"}],"wp:attachment":[{"href":"https:\/\/www.caths.cz\/wordpress\/wp-json\/wp\/v2\/media?parent=963"}],"wp:term":[{"taxonomy":"category","embeddable":true,"href":"https:\/\/www.caths.cz\/wordpress\/wp-json\/wp\/v2\/categories?post=963"},{"taxonomy":"post_tag","embeddable":true,"href":"https:\/\/www.caths.cz\/wordpress\/wp-json\/wp\/v2\/tags?post=963"}],"curies":[{"name":"wp","href":"https:\/\/api.w.org\/{rel}","templated":true}]}}