{"id":962,"date":"2009-02-27T10:27:27","date_gmt":"2009-02-27T09:27:27","guid":{"rendered":"http:\/\/www.caths.cz\/wordpress\/?p=962"},"modified":"2009-02-27T10:27:27","modified_gmt":"2009-02-27T09:27:27","slug":"spolecnost-artforma-je-novym-medialnim-partnerem-caths","status":"publish","type":"post","link":"https:\/\/www.caths.cz\/wordpress\/spolecnost-artforma-je-novym-medialnim-partnerem-caths\/","title":{"rendered":"Spole\u010dnost ARTFORMA je nov\u00fdm medi\u00e1ln\u00edm partnerem \u010cATHS"},"content":{"rendered":"<p align=\"justify\">\n\u010cATHS m\u00e1 svou zastupuj\u00edc\u00ed medi\u00e1ln\u00ed agenturu, jej\u00edm\u017e \u00fakolem bude propagovat sport handicapovan\u00fdch v cel\u00e9 sv\u00e9 \u0161\u00ed\u0159i, tedy od volno\u010dasov\u00fdch aktivit a\u017e po vrcholov\u00e9 sportovce. Artforma bude i medi\u00e1ln\u00edm partnerem cel\u00e9ho spektra \u010dinnosti a projekt\u016f, kter\u00fdmi se \u010cATHS zab\u00fdv\u00e1.\n<\/p>\n<p align=\"justify\"> Spole\u010dnost Artforma vedou dv\u011b \u00fasp\u011b\u0161n\u00e9 \u017eeny: Dr. Michaela Zindelov\u00e1, zn\u00e1m\u00e1 spisovatelka autobiografi\u00ed osobnost\u00ed, mimo jin\u00e9 i spoluautorka knihy Ji\u0159\u00edho Je\u017eka &#8222;Frajer&#8220; a Mgr. Barbora Zindelov\u00e1, kter\u00e1 je odbornic\u00ed na m\u00e9dia. <\/p>\n<p> Spole\u010dnost Artforma, mimo dal\u0161\u00ed v\u00fdznamn\u00e9 projekty, ji\u017e t\u00e9m\u011b\u0159 rok \u00fasp\u011b\u0161n\u011b spolupracuje s Ji\u0159\u00edm Je\u017ekem a dal\u0161\u00edm klientem t\u00e9to spole\u010dnosti je profesion\u00e1ln\u00ed cyklistick\u00fd t\u00fdm Rubena Specialized Cycling Team, ve kter\u00e9m spole\u010dn\u011b p\u016fsob\u00ed cyklisti\u010dt\u00ed profesion\u00e1lov\u00e9 a z\u00e1rove\u0148 i p\u0159edn\u00ed handicapovan\u00ed cyklist\u00e9. <\/p>\n<p> <img decoding=\"async\" src=\"\/wordpress\/image\/k_clankum\/img 173.jpg\"> <\/p>\n","protected":false},"excerpt":{"rendered":"<a href=\"https:\/\/www.caths.cz\/wordpress\/spolecnost-artforma-je-novym-medialnim-partnerem-caths\/\"><img loading=\"lazy\" decoding=\"async\" width=\"100\" height=\"100\" src=\"https:\/\/www.caths.cz\/wordpress\/wp-content\/plugins\/thumbnail-for-excerpts\/tfe_no_thumb.png\" class=\"alignleft wp-post-image tfe\" alt=\"\" title=\"\" \/><\/a><p>\u010cATHS m\u00e1 svou zastupuj\u00edc\u00ed medi\u00e1ln\u00ed agenturu, jej\u00edm\u017e \u00fakolem bude propagovat sport handicapovan\u00fdch v cel\u00e9 sv\u00e9 \u0161\u00ed\u0159i, tedy od volno\u010dasov\u00fdch aktivit a\u017e po vrcholov\u00e9 sportovce. Artforma bude i medi\u00e1ln\u00edm partnerem cel\u00e9ho [&hellip;]<\/p>\n","protected":false},"author":1,"featured_media":0,"comment_status":"closed","ping_status":"closed","sticky":false,"template":"","format":"standard","meta":{"ngg_post_thumbnail":0,"footnotes":""},"categories":[6],"tags":[],"class_list":["post-962","post","type-post","status-publish","format-standard","hentry","category-caths-info"],"_links":{"self":[{"href":"https:\/\/www.caths.cz\/wordpress\/wp-json\/wp\/v2\/posts\/962","targetHints":{"allow":["GET"]}}],"collection":[{"href":"https:\/\/www.caths.cz\/wordpress\/wp-json\/wp\/v2\/posts"}],"about":[{"href":"https:\/\/www.caths.cz\/wordpress\/wp-json\/wp\/v2\/types\/post"}],"author":[{"embeddable":true,"href":"https:\/\/www.caths.cz\/wordpress\/wp-json\/wp\/v2\/users\/1"}],"replies":[{"embeddable":true,"href":"https:\/\/www.caths.cz\/wordpress\/wp-json\/wp\/v2\/comments?post=962"}],"version-history":[{"count":0,"href":"https:\/\/www.caths.cz\/wordpress\/wp-json\/wp\/v2\/posts\/962\/revisions"}],"wp:attachment":[{"href":"https:\/\/www.caths.cz\/wordpress\/wp-json\/wp\/v2\/media?parent=962"}],"wp:term":[{"taxonomy":"category","embeddable":true,"href":"https:\/\/www.caths.cz\/wordpress\/wp-json\/wp\/v2\/categories?post=962"},{"taxonomy":"post_tag","embeddable":true,"href":"https:\/\/www.caths.cz\/wordpress\/wp-json\/wp\/v2\/tags?post=962"}],"curies":[{"name":"wp","href":"https:\/\/api.w.org\/{rel}","templated":true}]}}