{"id":961,"date":"2009-02-26T12:02:51","date_gmt":"2009-02-26T11:02:51","guid":{"rendered":"http:\/\/www.caths.cz\/wordpress\/?p=961"},"modified":"2009-02-26T12:02:51","modified_gmt":"2009-02-26T11:02:51","slug":"atleti-i-plavci-jiz-znaji-nominace-na-svetovy-pohar-v-manchesteru","status":"publish","type":"post","link":"https:\/\/www.caths.cz\/wordpress\/atleti-i-plavci-jiz-znaji-nominace-na-svetovy-pohar-v-manchesteru\/","title":{"rendered":"Atleti i plavci ji\u017e znaj\u00ed nominace na Sv\u011btov\u00fd poh\u00e1r v Manchesteru"},"content":{"rendered":"<p align=\"justify\"> <a href=\"http:\/\/www.btparalympicworldcup.com\/\"><img decoding=\"async\" src=\"\/wordpress\/image\/k_clankum\/Header-Para-Logo.gif\"><\/a><\/p>\n<p> Ve dnech 24 &#8211; 25.5. tedy budeme sledovat boje na\u0161ich plavc\u016f, kter\u00e9 budou zastupovat \u00fasp\u011b\u0161n\u00ed paralympionici z Pekingu, Jan Pov\u00fd\u0161il na 100m voln\u00fd zp\u016fsob a Filip Coufal v polohovce na 200m. <\/p>\n<p> Atleti se zapoj\u00ed do sout\u011b\u017e\u00ed v ned\u011bli 24.5. a reprezentovat n\u00e1s budou Milan Bl\u00e1ha ve vrhu koul\u00ed a Jan Van\u011bk v ku\u017eelce. <\/p>\n","protected":false},"excerpt":{"rendered":"<a href=\"https:\/\/www.caths.cz\/wordpress\/atleti-i-plavci-jiz-znaji-nominace-na-svetovy-pohar-v-manchesteru\/\"><img loading=\"lazy\" decoding=\"async\" width=\"100\" height=\"100\" src=\"https:\/\/www.caths.cz\/wordpress\/wp-content\/plugins\/thumbnail-for-excerpts\/tfe_no_thumb.png\" class=\"alignleft wp-post-image tfe\" alt=\"\" title=\"\" \/><\/a><p>Ve dnech 24 &#8211; 25.5. tedy budeme sledovat boje na\u0161ich plavc\u016f, kter\u00e9 budou zastupovat \u00fasp\u011b\u0161n\u00ed paralympionici z Pekingu, Jan Pov\u00fd\u0161il na 100m voln\u00fd zp\u016fsob a Filip Coufal v polohovce na [&hellip;]<\/p>\n","protected":false},"author":1,"featured_media":0,"comment_status":"closed","ping_status":"closed","sticky":false,"template":"","format":"standard","meta":{"ngg_post_thumbnail":0,"footnotes":""},"categories":[6],"tags":[],"class_list":["post-961","post","type-post","status-publish","format-standard","hentry","category-caths-info"],"_links":{"self":[{"href":"https:\/\/www.caths.cz\/wordpress\/wp-json\/wp\/v2\/posts\/961","targetHints":{"allow":["GET"]}}],"collection":[{"href":"https:\/\/www.caths.cz\/wordpress\/wp-json\/wp\/v2\/posts"}],"about":[{"href":"https:\/\/www.caths.cz\/wordpress\/wp-json\/wp\/v2\/types\/post"}],"author":[{"embeddable":true,"href":"https:\/\/www.caths.cz\/wordpress\/wp-json\/wp\/v2\/users\/1"}],"replies":[{"embeddable":true,"href":"https:\/\/www.caths.cz\/wordpress\/wp-json\/wp\/v2\/comments?post=961"}],"version-history":[{"count":0,"href":"https:\/\/www.caths.cz\/wordpress\/wp-json\/wp\/v2\/posts\/961\/revisions"}],"wp:attachment":[{"href":"https:\/\/www.caths.cz\/wordpress\/wp-json\/wp\/v2\/media?parent=961"}],"wp:term":[{"taxonomy":"category","embeddable":true,"href":"https:\/\/www.caths.cz\/wordpress\/wp-json\/wp\/v2\/categories?post=961"},{"taxonomy":"post_tag","embeddable":true,"href":"https:\/\/www.caths.cz\/wordpress\/wp-json\/wp\/v2\/tags?post=961"}],"curies":[{"name":"wp","href":"https:\/\/api.w.org\/{rel}","templated":true}]}}