{"id":960,"date":"2009-02-26T11:18:40","date_gmt":"2009-02-26T10:18:40","guid":{"rendered":"http:\/\/www.caths.cz\/wordpress\/?p=960"},"modified":"2009-02-26T11:18:40","modified_gmt":"2009-02-26T10:18:40","slug":"nominace-cyklisticke-reprezentace-na-svetovy-pohar-v-manchesteru","status":"publish","type":"post","link":"https:\/\/www.caths.cz\/wordpress\/nominace-cyklisticke-reprezentace-na-svetovy-pohar-v-manchesteru\/","title":{"rendered":"Nominace cyklistick\u00e9 reprezentace na Sv\u011btov\u00fd poh\u00e1r v Manchesteru"},"content":{"rendered":"<p align=\"justify\"> <a href=\"http:\/\/www.btparalympicworldcup.com\/\"><img decoding=\"async\" src=\"\/wordpress\/image\/k_clankum\/Header-Para-Logo.gif\"><\/a><\/p>\n<p> \u010ceskou republiku budou v kv\u011btnu reprezentovat ve Velk\u00e9 Brit\u00e1nii tito cyklist\u00e9: <br \/><strong> Ji\u0159\u00ed Je\u017eek, Tom\u00e1\u0161 Kvasni\u010dka, Radim Pavl\u00edk a Ji\u0159\u00ed Bou\u0161ka<\/strong>. <\/p>\n<p> Pokus o \u00fatok na sv\u011btov\u00fd rekord ve st\u00edhac\u00edm z\u00e1vod\u011b na 4 km ozn\u00e1mil Ji\u0159\u00ed Je\u017eek, ale ani ostatn\u00ed reprezentanti nepojedou do Manchesteru bez vysok\u00fdch ambic\u00ed &#8211; Tom\u00e1\u0161 Kvasni\u010dka se pokus\u00ed p\u0159ekonat vlastn\u00ed rekordy \u010cR na 1km a 3km a pokud Radim Pavl\u00edk potvrd\u00ed st\u00e1le rostouc\u00ed vynikaj\u00edc\u00ed v\u00fdkonnost, m\u016f\u017eeme od n\u011bj o\u010dek\u00e1vat v\u00fdsledky sv\u011btov\u00e9 extrat\u0159\u00eddy. <\/p>\n<p> <img decoding=\"async\" src=\"\/wordpress\/image\/k_clankum\/Manchester 2008 049.jpg\"> <\/p>\n","protected":false},"excerpt":{"rendered":"<a href=\"https:\/\/www.caths.cz\/wordpress\/nominace-cyklisticke-reprezentace-na-svetovy-pohar-v-manchesteru\/\"><img loading=\"lazy\" decoding=\"async\" width=\"100\" height=\"100\" src=\"https:\/\/www.caths.cz\/wordpress\/wp-content\/plugins\/thumbnail-for-excerpts\/tfe_no_thumb.png\" class=\"alignleft wp-post-image tfe\" alt=\"\" title=\"\" \/><\/a><p>\u010ceskou republiku budou v kv\u011btnu reprezentovat ve Velk\u00e9 Brit\u00e1nii tito cyklist\u00e9: Ji\u0159\u00ed Je\u017eek, Tom\u00e1\u0161 Kvasni\u010dka, Radim Pavl\u00edk a Ji\u0159\u00ed Bou\u0161ka. Pokus o \u00fatok na sv\u011btov\u00fd rekord ve st\u00edhac\u00edm z\u00e1vod\u011b na [&hellip;]<\/p>\n","protected":false},"author":1,"featured_media":0,"comment_status":"closed","ping_status":"closed","sticky":false,"template":"","format":"standard","meta":{"ngg_post_thumbnail":0,"footnotes":""},"categories":[2],"tags":[],"class_list":["post-960","post","type-post","status-publish","format-standard","hentry","category-cyklistika"],"_links":{"self":[{"href":"https:\/\/www.caths.cz\/wordpress\/wp-json\/wp\/v2\/posts\/960","targetHints":{"allow":["GET"]}}],"collection":[{"href":"https:\/\/www.caths.cz\/wordpress\/wp-json\/wp\/v2\/posts"}],"about":[{"href":"https:\/\/www.caths.cz\/wordpress\/wp-json\/wp\/v2\/types\/post"}],"author":[{"embeddable":true,"href":"https:\/\/www.caths.cz\/wordpress\/wp-json\/wp\/v2\/users\/1"}],"replies":[{"embeddable":true,"href":"https:\/\/www.caths.cz\/wordpress\/wp-json\/wp\/v2\/comments?post=960"}],"version-history":[{"count":0,"href":"https:\/\/www.caths.cz\/wordpress\/wp-json\/wp\/v2\/posts\/960\/revisions"}],"wp:attachment":[{"href":"https:\/\/www.caths.cz\/wordpress\/wp-json\/wp\/v2\/media?parent=960"}],"wp:term":[{"taxonomy":"category","embeddable":true,"href":"https:\/\/www.caths.cz\/wordpress\/wp-json\/wp\/v2\/categories?post=960"},{"taxonomy":"post_tag","embeddable":true,"href":"https:\/\/www.caths.cz\/wordpress\/wp-json\/wp\/v2\/tags?post=960"}],"curies":[{"name":"wp","href":"https:\/\/api.w.org\/{rel}","templated":true}]}}