{"id":954,"date":"2009-02-19T12:55:24","date_gmt":"2009-02-19T11:55:24","guid":{"rendered":"http:\/\/www.caths.cz\/wordpress\/?p=954"},"modified":"2009-02-19T12:55:24","modified_gmt":"2009-02-19T11:55:24","slug":"dnesnim-dnem-zacina-ms-ve-sjezdovem-lyzovani-v-koreji-ve-stredisku-high-1-ski-resort","status":"publish","type":"post","link":"https:\/\/www.caths.cz\/wordpress\/dnesnim-dnem-zacina-ms-ve-sjezdovem-lyzovani-v-koreji-ve-stredisku-high-1-ski-resort\/","title":{"rendered":"Dne\u0161n\u00edm dnem za\u010d\u00edn\u00e1 MS ve sjezdov\u00e9m ly\u017eov\u00e1n\u00ed V Koreji ve st\u0159edisku High 1 Ski Resort"},"content":{"rendered":"<p align=\"justify\">\n<p>Mistrovstv\u00ed sv\u011bta se z\u00fa\u010dastn\u00ed 25 n\u00e1rodn\u00edch t\u00fdm\u016f, s celkov\u00fdm po\u010dtem 281 \u00fa\u010dastn\u00edk\u016f, z toho 161 sportovc\u016f. Mezi nejpo\u010detn\u011bj\u0161\u00ed v\u00fdpravy pat\u0159\u00ed tradi\u010dn\u011b Rakousko (31 \u00fa\u010dastn\u00edk\u016f\/19 sportovc\u016f)a Kanada (23 \u00fa\u010dastn\u00edk\/12 sportovc\u016f).<\/p>\n<p align=\"justify\"> Po\u010detnou skupinou je i slovensk\u00e1 v\u00fdprava (22 \u00fa\u010dastn\u00edk\/15 sportovc\u016f). \u010cesk\u00fd t\u00fdm ve slo\u017een\u00ed- monoskia\u0159i &#8211; Radim Kozlovsk\u00fd, Old\u0159ich Jel\u00ednek, stoj\u00edc\u00ed &#8211; Stanislav Loska a zrakov\u011b posti\u017een\u00ed &#8211; Ani\u010dka Kul\u00ed\u0161kov\u00e1 a Jan Mr\u00e1zek s tras\u00e9rkami M\u00ed\u0161ou Huba\u010dovou a Kristou Halami\u010dkovou pat\u0159\u00ed co do po\u010dtu mezi st\u0159edn\u011b velk\u00e9 v\u00fdpravy, jak\u00fdmi jsou nap\u0159. tak\u00e9 Rusko \u010di Austr\u00e1lie. <br \/> Z\u00e1vodit se bude v\u00fdhradn\u011b na technick\u00e9m sn\u011bhu, kter\u00fdm jsou pokryty pouze z\u00e1vodn\u00ed trat\u011b, jinak jsou korejsk\u00e9 hory \u00fapln\u011b bez sn\u011bhu. <br \/> Dnes se sportovci z\u00fa\u010dastn\u00ed prvn\u00edch ofici\u00e1ln\u00edch tr\u00e9nink\u016f, z\u00edtra je na programu slalom, v sobotu ob\u0159\u00ed slalom (v\u00edce program MS zde). <br \/> Nejd\u016fle\u017eit\u011bj\u0161\u00ed okam\u017eiky z MS m\u016f\u017eete op\u011bt sledovat na <a href=\"http:\/\/ www.ParalympicSport.TV\" target=\"_blank\"><font color=\"#0066CC\"> www.ParalympicSport.TV<\/font><\/a> <\/p>\n<p> \u010casov\u00fd rozpis z\u00e1vod\u016f <a href=\"storage\/lyzovani\/casovy rozpis.xls\"><font face=\"Trebuchet MS\" size=\"1\"> zde<\/font><\/a> <\/p>\n<p> <img decoding=\"async\" src=\"\/wordpress\/image\/k_clankum\/kor2.JPG\"><\/p>\n<p> 1. T\u00fdm TP ly\u017ea\u0159\u016f \u2013 zleva \u2013 Petra Syrov\u00e1tkov\u00e1, Radim Kozlovsk\u00fd, Standa Loska, Olda Jel\u00ednek<\/p>\n<p> <img decoding=\"async\" src=\"\/wordpress\/image\/k_clankum\/kor1.JPG\"><\/p>\n<p> 2. Z\u00e1vodn\u00ed trat\u011b Apollo 4 a Apollo 6 <\/p>\n<p> <img decoding=\"async\" src=\"\/wordpress\/image\/k_clankum\/kor3.JPG\"><\/p>\n<p> 3. Slavnostn\u00ed zah\u00e1jen\u00ed \u0161ampion\u00e1tu. Na fotografii Standa Loska <\/p>\n<p> <img decoding=\"async\" src=\"\/wordpress\/image\/k_clankum\/kor4.JPG\"><\/p>\n<p> 4. Slavnostn\u00ed ve\u010de\u0159e. Zleva Honza Mr\u00e1zek a Ani\u010dka Kul\u00ed\u0161kov\u00e1 <\/p>\n","protected":false},"excerpt":{"rendered":"<a href=\"https:\/\/www.caths.cz\/wordpress\/dnesnim-dnem-zacina-ms-ve-sjezdovem-lyzovani-v-koreji-ve-stredisku-high-1-ski-resort\/\"><img loading=\"lazy\" decoding=\"async\" width=\"100\" height=\"100\" src=\"https:\/\/www.caths.cz\/wordpress\/wp-content\/plugins\/thumbnail-for-excerpts\/tfe_no_thumb.png\" class=\"alignleft wp-post-image tfe\" alt=\"\" title=\"\" \/><\/a><p>Mistrovstv\u00ed sv\u011bta se z\u00fa\u010dastn\u00ed 25 n\u00e1rodn\u00edch t\u00fdm\u016f, s celkov\u00fdm po\u010dtem 281 \u00fa\u010dastn\u00edk\u016f, z toho 161 sportovc\u016f. Mezi nejpo\u010detn\u011bj\u0161\u00ed v\u00fdpravy pat\u0159\u00ed tradi\u010dn\u011b Rakousko (31 \u00fa\u010dastn\u00edk\u016f\/19 sportovc\u016f)a Kanada (23 \u00fa\u010dastn\u00edk\/12 sportovc\u016f). Po\u010detnou [&hellip;]<\/p>\n","protected":false},"author":1,"featured_media":0,"comment_status":"closed","ping_status":"closed","sticky":false,"template":"","format":"standard","meta":{"ngg_post_thumbnail":0,"footnotes":""},"categories":[14],"tags":[],"class_list":["post-954","post","type-post","status-publish","format-standard","hentry","category-lyzovani"],"_links":{"self":[{"href":"https:\/\/www.caths.cz\/wordpress\/wp-json\/wp\/v2\/posts\/954","targetHints":{"allow":["GET"]}}],"collection":[{"href":"https:\/\/www.caths.cz\/wordpress\/wp-json\/wp\/v2\/posts"}],"about":[{"href":"https:\/\/www.caths.cz\/wordpress\/wp-json\/wp\/v2\/types\/post"}],"author":[{"embeddable":true,"href":"https:\/\/www.caths.cz\/wordpress\/wp-json\/wp\/v2\/users\/1"}],"replies":[{"embeddable":true,"href":"https:\/\/www.caths.cz\/wordpress\/wp-json\/wp\/v2\/comments?post=954"}],"version-history":[{"count":0,"href":"https:\/\/www.caths.cz\/wordpress\/wp-json\/wp\/v2\/posts\/954\/revisions"}],"wp:attachment":[{"href":"https:\/\/www.caths.cz\/wordpress\/wp-json\/wp\/v2\/media?parent=954"}],"wp:term":[{"taxonomy":"category","embeddable":true,"href":"https:\/\/www.caths.cz\/wordpress\/wp-json\/wp\/v2\/categories?post=954"},{"taxonomy":"post_tag","embeddable":true,"href":"https:\/\/www.caths.cz\/wordpress\/wp-json\/wp\/v2\/tags?post=954"}],"curies":[{"name":"wp","href":"https:\/\/api.w.org\/{rel}","templated":true}]}}