{"id":952,"date":"2009-02-17T13:32:53","date_gmt":"2009-02-17T12:32:53","guid":{"rendered":"http:\/\/www.caths.cz\/wordpress\/?p=952"},"modified":"2009-02-17T13:32:53","modified_gmt":"2009-02-17T12:32:53","slug":"poslechnete-si-hymnu-profesionalniho-cyklistickeho-zavodu-vuelta-dominicana","status":"publish","type":"post","link":"https:\/\/www.caths.cz\/wordpress\/poslechnete-si-hymnu-profesionalniho-cyklistickeho-zavodu-vuelta-dominicana\/","title":{"rendered":"Poslechn\u011bte si hymnu profesion\u00e1ln\u00edho cyklistick\u00e9ho z\u00e1vodu VUELTA DOMINICANA"},"content":{"rendered":"<p align=\"justify\">\nP\u0159edstavte si to: ban\u00e1nov\u00e9 plant\u00e1\u017ee, palmy, blankytn\u011b modr\u00e9 mo\u0159e, z\u00e1stupy tis\u00edc\u016f fanou\u0161k\u016f lemuj\u00edc\u00ed silnici, des\u00edtky t\u00fdmov\u00fdch doprovodn\u00fdch vozidel, nep\u0159ehledn\u00fd z\u00e1stup blikaj\u00edc\u00edch vozidel policie a doprovodn\u00fdch motorek a p\u0159edev\u0161\u00edm pestrobarevn\u00fd, reklamami popsan\u00fd peloton dvou stovek profesion\u00e1ln\u00edch cyklist\u016f z t\u00e9m\u011b\u0159 cel\u00e9ho sv\u011bta&#8230;<\/p>\n<p align=\"justify\"> A do toho, naplno, zn\u00ed doslova na ka\u017ed\u00e9m rohu, z n\u00e1kla\u010f\u00e1k\u016f a dod\u00e1vek na jejich\u017e korb\u00e1ch jsou um\u00edst\u011bny obrovsk\u00e9 hudebn\u00ed soustavy, temperamentn\u00ed hymna, kterou nazp\u00edvala m\u00edstn\u00ed superstar &#8211; Roldan. Tak to je VUELTA DOMINICANA! <\/p>\n<p> Poslechn\u011bte <a href=\"storage\/01 Roldan_Vuelta.mp3\"><font face=\"Trebuchet MS\" size=\"1\"> zde<\/font><\/a><\/p>\n","protected":false},"excerpt":{"rendered":"<a href=\"https:\/\/www.caths.cz\/wordpress\/poslechnete-si-hymnu-profesionalniho-cyklistickeho-zavodu-vuelta-dominicana\/\"><img loading=\"lazy\" decoding=\"async\" width=\"100\" height=\"100\" src=\"https:\/\/www.caths.cz\/wordpress\/wp-content\/plugins\/thumbnail-for-excerpts\/tfe_no_thumb.png\" class=\"alignleft wp-post-image tfe\" alt=\"\" title=\"\" \/><\/a><p>P\u0159edstavte si to: ban\u00e1nov\u00e9 plant\u00e1\u017ee, palmy, blankytn\u011b modr\u00e9 mo\u0159e, z\u00e1stupy tis\u00edc\u016f fanou\u0161k\u016f lemuj\u00edc\u00ed silnici, des\u00edtky t\u00fdmov\u00fdch doprovodn\u00fdch vozidel, nep\u0159ehledn\u00fd z\u00e1stup blikaj\u00edc\u00edch vozidel policie a doprovodn\u00fdch motorek a p\u0159edev\u0161\u00edm pestrobarevn\u00fd, reklamami [&hellip;]<\/p>\n","protected":false},"author":1,"featured_media":0,"comment_status":"closed","ping_status":"closed","sticky":false,"template":"","format":"standard","meta":{"ngg_post_thumbnail":0,"footnotes":""},"categories":[2],"tags":[],"class_list":["post-952","post","type-post","status-publish","format-standard","hentry","category-cyklistika"],"_links":{"self":[{"href":"https:\/\/www.caths.cz\/wordpress\/wp-json\/wp\/v2\/posts\/952","targetHints":{"allow":["GET"]}}],"collection":[{"href":"https:\/\/www.caths.cz\/wordpress\/wp-json\/wp\/v2\/posts"}],"about":[{"href":"https:\/\/www.caths.cz\/wordpress\/wp-json\/wp\/v2\/types\/post"}],"author":[{"embeddable":true,"href":"https:\/\/www.caths.cz\/wordpress\/wp-json\/wp\/v2\/users\/1"}],"replies":[{"embeddable":true,"href":"https:\/\/www.caths.cz\/wordpress\/wp-json\/wp\/v2\/comments?post=952"}],"version-history":[{"count":0,"href":"https:\/\/www.caths.cz\/wordpress\/wp-json\/wp\/v2\/posts\/952\/revisions"}],"wp:attachment":[{"href":"https:\/\/www.caths.cz\/wordpress\/wp-json\/wp\/v2\/media?parent=952"}],"wp:term":[{"taxonomy":"category","embeddable":true,"href":"https:\/\/www.caths.cz\/wordpress\/wp-json\/wp\/v2\/categories?post=952"},{"taxonomy":"post_tag","embeddable":true,"href":"https:\/\/www.caths.cz\/wordpress\/wp-json\/wp\/v2\/tags?post=952"}],"curies":[{"name":"wp","href":"https:\/\/api.w.org\/{rel}","templated":true}]}}