{"id":951,"date":"2009-02-16T18:20:24","date_gmt":"2009-02-16T17:20:24","guid":{"rendered":"http:\/\/www.caths.cz\/wordpress\/?p=951"},"modified":"2009-02-16T18:20:24","modified_gmt":"2009-02-16T17:20:24","slug":"jirku-jezka-ceka-narocny-etapovy-zavod-profesionalu-vuelta-ciclistica-independencia-nacional","status":"publish","type":"post","link":"https:\/\/www.caths.cz\/wordpress\/jirku-jezka-ceka-narocny-etapovy-zavod-profesionalu-vuelta-ciclistica-independencia-nacional\/","title":{"rendered":"Jirku Je\u017eka \u010dek\u00e1 n\u00e1ro\u010dn\u00fd etapov\u00fd z\u00e1vod profesion\u00e1l\u016f VUELTA CICLISTICA INDEPENDENCIA NACIONAL"},"content":{"rendered":"<p align=\"justify\"> <strong><font color=\"#0066CC\"> 1. Jirko, odj\u00ed\u017ed\u00ed\u0161 na n\u00e1ro\u010dn\u00fd etapov\u00fd z\u00e1vod profesion\u00e1l\u016f do exotick\u00e9 Dominik\u00e1nsk\u00e9 republiky. Jak\u00e1 bude leto\u0161n\u00ed Vuelta Dominicana a jak\u00e9 etapy t\u011b \u010dekaj\u00ed?<\/font><\/strong><\/p>\n<p> Na rozd\u00edl od p\u0159edchoz\u00edch \u010dty\u0159ech ro\u010dn\u00edk\u016f, kter\u00fdch jsem se z\u00fa\u010dastnil, organiz\u00e1to\u0159i trochu pozm\u011bnili tra\u0165. Vuelta bude n\u00e1ro\u010dn\u011bj\u0161\u00ed a nap\u00ednav\u00e1 do posledn\u00edho dne. Dev\u011bt etap, v sou\u010dtu 1200km, jedna \u010dasovka a dv\u011b horsk\u00e9 etapy &#8211; to v\u0161e, spolu s velmi slu\u0161nou konkurenc\u00ed t\u00fdm\u016f z USA, Venezuely, Kolumbie, Mexika a dal\u0161\u00edch zem\u00ed, d\u011bl\u00e1 z\u00e1vod opravdu n\u00e1ro\u010dn\u00fdm. V\u011bt\u0161ina jezdc\u016f je v pln\u00e9 sez\u00f3n\u011b, zat\u00edmco j\u00e1 &#8211; Evropan &#8211; m\u00e1m za sebou jen \u010dty\u0159i z\u00e1vodn\u00ed dny v Austr\u00e1lii. Ov\u0161em tr\u00e9ninkov\u011b byla a je pro m\u011b leto\u0161n\u00ed zima nejkvalitn\u011bj\u0161\u00ed v cel\u00e9 m\u00e9 kari\u00e9\u0159e, tak\u017ee zase takov\u00fd strach nem\u00e1m. Ale mo\u017en\u00e1 si moc v\u011b\u0159\u00edm. Uvid\u00edme. V prvn\u00edch etap\u00e1ch si asi budu sp\u00ed\u0161 zvykat na ostr\u00e9 z\u00e1vodn\u00ed tempo, ale pak u\u017e se t\u011blo snad rozjede. <\/p>\n<p><strong><font color=\"#0066CC\">2. Tento z\u00e1vod jede\u0161 ji\u017e pon\u011bkolik\u00e1t\u00e9. Na jakou etapu se t\u011b\u0161\u00ed\u0161 nejv\u00edce a pro\u010d?<\/font><\/strong><\/p>\n<p> Nem\u00e1m vysloven\u011b obl\u00edbenou etapu. Nav\u00edc v nov\u00e9m form\u00e1tu z\u00e1vodu ani nev\u00edm, co m\u011b \u010dek\u00e1. Ale t\u011b\u0161\u00edm se na cel\u00fd z\u00e1vod. Je to prvn\u00ed opravdov\u00fd start do sez\u00f3ny a j\u00e1 u\u017e se stra\u0161n\u011b t\u011b\u0161\u00edm. Letos jsem p\u0159es zimu skute\u010dn\u011b d\u0159el, tak douf\u00e1m, \u017ee m\u011b to posunulo zase o kus d\u00e1l. <\/p>\n<p><strong><font color=\"#0066CC\">3. V Dominik\u00e1nsk\u00e9 republice jsi velmi popul\u00e1rn\u00ed osobnost\u00ed, m\u00edstn\u00ed obyvatel\u00e9 T\u011b dokonce pova\u017euj\u00ed za sv\u00e9ho &#8222;syna&#8220; a tento v\u00fdraz r\u00e1di opakuj\u00ed v m\u00e9di\u00edch. Ty jsi s Dominik\u00e1nskou republikou spjat\u00fd v\u0161ak mnohem v\u00edc, ne\u017e pouze jako sportovn\u00ed celebrita, nap\u0159\u00edklad jsi zde inicioval zalo\u017een\u00ed Dominik\u00e1nsk\u00e9ho paralympijsk\u00e9ho v\u00fdboru, jeho\u017e p\u0159edstavitel\u00e9 byli ji\u017e na paralympi\u00e1d\u011b v Pekingu&#8230;<\/font><\/strong><\/p>\n<p> M\u00e1m Dominik\u00e1nskou republiku opravdu r\u00e1d. Je to moje srde\u010dn\u00ed z\u00e1le\u017eitost. Takovou popularitu a otev\u0159enou n\u00e1ru\u010d skoro nem\u00e1m ani v \u010cech\u00e1ch. Kdy\u017e jim tam p\u0159i interview \u0159\u00edk\u00e1m, \u017ee tu zemi c\u00edt\u00edm jako druh\u00fd domov, ani moc nep\u0159eh\u00e1n\u00edm. Lid\u00e9 jsou tam stra\u0161n\u011b mil\u00ed a v\u00e1\u017e\u00ed si ka\u017ed\u00e9ho, kdo n\u011bco dok\u00e1\u017ee. A j\u00e1 jsem si p\u0159i sv\u00fdch startech v tomto z\u00e1vod\u011b i snad sv\u00fdm vystupov\u00e1n\u00edm, ud\u011blal skv\u011bl\u00e9 jm\u00e9no. Moc m\u011b to t\u011b\u0161\u00ed a chci na to i letos nav\u00e1zat. <\/p>\n<p><strong><font color=\"#0066CC\">4. Tak\u00e9 jsi pr\u016fkopn\u00edkem cyklistiky handicapovan\u00fdch v t\u00e9to zemi, u\u017e v lo\u0148sk\u00e9m roce byl s tebou v t\u00fdmu talentovan\u00fd cyklista Dominik\u00e1nsk\u00e9 republiky s posti\u017een\u00edm horn\u00ed kon\u010detiny&#8230;<\/font><\/strong><\/p>\n<p> M\u00e1m radost, \u017ee d\u00edky m\u00e9mu p\u0159\u00edkladu se i v t\u00e9to chud\u00e9 zemi na\u0161la p\u0159\u00edle\u017eitost pro p\u00e1r hendikepovan\u00fdch mlad\u00edk\u016f, kte\u0159\u00ed se ve m\u011b vzhl\u00e9dli a po m\u00e9m prvn\u00edm startu v z\u00e1vod\u011b se za\u010dali v\u011bnovat cyklistice. P\u0159esv\u011bd\u010dil jsem m\u00edstn\u00ed cyklistickou federaci, \u017ee si zaslou\u017e\u00ed alespo\u0148 malou podporu a pomoc. Loni u\u017e byl jeden z nich schopen t\u00e9m\u011b\u0159 cel\u00fd z\u00e1vod absolvovat se mnou. <\/p>\n<p><strong><font color=\"#0066CC\">5. Z fotografi\u00ed je patrn\u00e9, jak temperamentn\u00ed a neopakovateln\u00e1 je atmosf\u00e9ra z\u00e1vodu, jak\u00fd pocit m\u00e1\u0161 ty jako z\u00e1vodn\u00edk, kter\u00fd je nav\u00edc neust\u00e1le st\u0159edem pozornosti?<\/font><\/strong><\/p>\n<p> Je pravda, \u017ee z\u00e1vod je \u00fapln\u011b n\u011bco jin\u00e9ho, ne\u017e na co jsem zvykl\u00fd z profesion\u00e1ln\u00ed cyklistiky v Evrop\u011b. Tady jsou podm\u00ednky pro z\u00e1vodn\u00edky \u010dasto velice tristn\u00ed. S\u00e1m z\u00e1vod je zabezpe\u010den skv\u011ble, ale co se t\u00fd\u010de z\u00e1zem\u00ed &#8211; stravov\u00e1n\u00ed \u010di ubytov\u00e1n\u00ed, z\u00e1vodn\u00edk mus\u00ed b\u00fdt p\u0159ipraven na v\u0161e. Ale j\u00e1 u\u017e jsem si na to zvykl. Ov\u0161em pokud na z\u00e1vod ob\u010das p\u0159ijede evropsk\u00fd t\u00fdm &#8222;zh\u00fd\u010dkan\u00fdch primadon&#8220;, nesta\u010d\u00ed se divit. Nap\u0159\u00edklad loni jeden nejmenovan\u00fd \u0161pan\u011blsk\u00fd t\u00fdm, opustil z\u00e1vod u\u017e po druh\u00e9 etap\u011b. nejen \u017ee si u\u017e od p\u0159\u00edletu neust\u00e1le na v\u0161echno st\u011b\u017eovali, ale jejich &#8222;hv\u011bzdy&#8220; patrn\u011b podcenili \u00farove\u0148 konkurence a po prvn\u00edch dvou etap\u00e1ch byli jako t\u00fdm \u016fpln\u011b posledn\u00ed. V noci se pak ti\u0161e sbalili a odlet\u011bli s ostudou dom\u016f. Ono se to evropsk\u00fdm cyklist\u016fm moc nezd\u00e1, ale kvalita z\u00e1vodn\u00edk\u016f na Vuelt\u011b je v\u017edy vysok\u00e1. Loni tu startovali t\u0159i z\u00e1vodn\u00edci z Venezuely, kte\u0159\u00ed pak absolvovali Giro d\u00b4Italia. P\u0159edloni tu byl t\u00fdm Kazachst\u00e1nu, z n\u011bho\u017e je dnes nejbohat\u0161\u00ed t\u00fdm sv\u011bta &#8211; Astana, za kterou jezd\u00ed Lance Armstrong. A spoustu z\u00e1vodn\u00edk\u016f, kte\u0159\u00ed budou Armstrongovi pom\u00e1hat na Giru \u010di Tour, j\u00e1 zn\u00e1m pr\u00e1v\u011b z Dominik\u00e1nsk\u00e9 Vuelty. Bude to tedy i letos ur\u010dit\u011b t\u011b\u017ek\u00e9, ale t\u011b\u0161\u00edm se! To, \u017ee jsem neust\u00e1le na o\u010d\u00edch je pro m\u011b sp\u00ed\u0161 v\u00fdzva. Motivuje m\u011b to k nejlep\u0161\u00edm v\u00fdkon\u016fm. M\u00e1m sv\u00e9 jm\u00e9no a to si p\u0159eci nemohu jen tak zkazit! Ov\u0161em tak\u00e9 nem\u00e1m nohu, co\u017e mi nikdo neodp\u00e1\u0159e, a tak z\u016fst\u00e1v\u00e1m na zemi. Ned\u011bl\u00e1m si \u017e\u00e1dn\u00e9 ambice na um\u00edst\u011bn\u00ed, tohle nen\u00ed \u017e\u00e1dn\u00fd amat\u00e9rsk\u00fd z\u00e1vod! P\u0159esto chci i leto\u0161n\u00ed Dominik\u00e1nskou Vueltu absolvovat se ct\u00ed! <\/p>\n<p> <img decoding=\"async\" src=\"\/wordpress\/image\/k_clankum\/IMG_0719.JPG\"> <\/p>\n<p> <img decoding=\"async\" src=\"\/wordpress\/image\/k_clankum\/IMG_0511.JPG\"> <\/p>\n<p> <img decoding=\"async\" src=\"\/wordpress\/image\/k_clankum\/IMG_0827.JPG\"> <\/p>\n<p> (fotografie: Dan Harvan)<\/p>\n","protected":false},"excerpt":{"rendered":"<a href=\"https:\/\/www.caths.cz\/wordpress\/jirku-jezka-ceka-narocny-etapovy-zavod-profesionalu-vuelta-ciclistica-independencia-nacional\/\"><img loading=\"lazy\" decoding=\"async\" width=\"100\" height=\"100\" src=\"https:\/\/www.caths.cz\/wordpress\/wp-content\/plugins\/thumbnail-for-excerpts\/tfe_no_thumb.png\" class=\"alignleft wp-post-image tfe\" alt=\"\" title=\"\" \/><\/a><p>1. Jirko, odj\u00ed\u017ed\u00ed\u0161 na n\u00e1ro\u010dn\u00fd etapov\u00fd z\u00e1vod profesion\u00e1l\u016f do exotick\u00e9 Dominik\u00e1nsk\u00e9 republiky. Jak\u00e1 bude leto\u0161n\u00ed Vuelta Dominicana a jak\u00e9 etapy t\u011b \u010dekaj\u00ed? Na rozd\u00edl od p\u0159edchoz\u00edch \u010dty\u0159ech ro\u010dn\u00edk\u016f, kter\u00fdch jsem [&hellip;]<\/p>\n","protected":false},"author":1,"featured_media":0,"comment_status":"closed","ping_status":"closed","sticky":false,"template":"","format":"standard","meta":{"ngg_post_thumbnail":0,"footnotes":""},"categories":[16],"tags":[],"class_list":["post-951","post","type-post","status-publish","format-standard","hentry","category-rozhovory"],"_links":{"self":[{"href":"https:\/\/www.caths.cz\/wordpress\/wp-json\/wp\/v2\/posts\/951","targetHints":{"allow":["GET"]}}],"collection":[{"href":"https:\/\/www.caths.cz\/wordpress\/wp-json\/wp\/v2\/posts"}],"about":[{"href":"https:\/\/www.caths.cz\/wordpress\/wp-json\/wp\/v2\/types\/post"}],"author":[{"embeddable":true,"href":"https:\/\/www.caths.cz\/wordpress\/wp-json\/wp\/v2\/users\/1"}],"replies":[{"embeddable":true,"href":"https:\/\/www.caths.cz\/wordpress\/wp-json\/wp\/v2\/comments?post=951"}],"version-history":[{"count":0,"href":"https:\/\/www.caths.cz\/wordpress\/wp-json\/wp\/v2\/posts\/951\/revisions"}],"wp:attachment":[{"href":"https:\/\/www.caths.cz\/wordpress\/wp-json\/wp\/v2\/media?parent=951"}],"wp:term":[{"taxonomy":"category","embeddable":true,"href":"https:\/\/www.caths.cz\/wordpress\/wp-json\/wp\/v2\/categories?post=951"},{"taxonomy":"post_tag","embeddable":true,"href":"https:\/\/www.caths.cz\/wordpress\/wp-json\/wp\/v2\/tags?post=951"}],"curies":[{"name":"wp","href":"https:\/\/api.w.org\/{rel}","templated":true}]}}