{"id":950,"date":"2009-02-16T08:56:53","date_gmt":"2009-02-16T07:56:53","guid":{"rendered":"http:\/\/www.caths.cz\/wordpress\/?p=950"},"modified":"2009-02-16T08:56:53","modified_gmt":"2009-02-16T07:56:53","slug":"ostrostrelec-z-olomouce","status":"publish","type":"post","link":"https:\/\/www.caths.cz\/wordpress\/ostrostrelec-z-olomouce\/","title":{"rendered":"Ostrost\u0159elec z Olomouce"},"content":{"rendered":"<p align=\"justify\">\nVladim\u00edr Mar\u010dan (53) se loni stal prvn\u00edm \u010desk\u00fdm paralympionikem ve sportovn\u00ed st\u0159elb\u011b. Start na paralympi\u00e1d\u011b v Pekingu se p\u0159\u00edli\u0161 nevyda\u0159il \u2013 n\u00e1st\u0159el 502 bod\u016f sta\u010dil pouze na 26. m\u00edsto. Zklam\u00e1n\u00ed je ji\u017e ale zapomenuto a V. Mar\u010danovi se zda\u0159il velmi \u00fasp\u011b\u0161n\u00fd vstup do nov\u00e9 sez\u00f3ny. <br \/>\n\u010cesk\u00e9mu reprezentantu v kategorii SH1 a discipl\u00edn\u00e1ch vzduchov\u00e1 pistole (P1) a sportovn\u00ed pistole (P3), \u010dlenu SSK El\u00e1n a SK TPS Olomouc a z\u00e1rove\u0148 p\u0159edsedovi sekce st\u0159elby \u010cATHS, jsme proto polo\u017eili n\u011bkolik ot\u00e1zek:\n<\/p>\n<p align=\"justify\"> <strong><font color=\"#0066CC\"> 1. Letos se ti, Vl\u00e1\u010fo, hned zkraje roku povedl u\u017e \u010dtvrt\u00fd vynikaj\u00edc\u00ed v\u00fdsledek, v pom\u011brn\u011b kr\u00e1tk\u00e9 dob\u011b a s velk\u00fdm rozd\u00edlem oproti z\u00e1v\u011bru sez\u00f3ny lo\u0148sk\u00e9. Co jsi v p\u0159\u00edprav\u011b zm\u011bnil, \u017ee se ti takto da\u0159\u00ed?<\/font><\/strong><\/p>\n<p> V. Mar\u010dan: <em>\u201eLednov\u00e9 v\u00fdsledky n\u00e1st\u0159elem 556, 553, 544, 554 a 561 bod\u016f ovlivnilo v\u00edce faktor\u016f. Nechal jsem prov\u00e9st zkr\u00e1cen\u00ed hlavn\u011b vzduchov\u00e9 pistole, tzn. lep\u0161\u00ed vyv\u00e1\u017een\u00ed a t\u00edm sn\u00ed\u017een\u00ed jej\u00ed hmotnosti, s tren\u00e9rem jsme doladili \u00fapravu ru\u010dky pistole. Zv\u00fd\u0161il jsem tr\u00e9ninkovou z\u00e1t\u011b\u017e, zam\u011b\u0159enou na techniku st\u0159elby. Vedle toho se mi poda\u0159ilo spolu s l\u00e9ka\u0159i stabilizovat zdravotn\u00ed stav. Po zji\u0161t\u011bn\u00ed nov\u00e9 diagn\u00f3zy &#8211; cukrovky &#8211; se zam\u011b\u0159uji na zm\u011bnu n\u00e1vyk\u016f p\u0159ed i v pr\u016fb\u011bhu z\u00e1vodu, co\u017e se mi da\u0159\u00ed\u201c.<\/em><\/p>\n<p> <strong><font color=\"#0066CC\">2. Jak\u00e9 jsou tv\u00e9 osobn\u00ed rekordy?<\/font><\/strong><\/p>\n<p> V. Mar\u010dan: <em>\u201eOsobn\u00edho rekordu ze vzduchov\u00e9 pistole &#8211; P1 jsem dos\u00e1hl 31.1.2009 na P\u0159eboru Olomouck\u00e9ho kraje v Hanu\u0161ovic\u00edch v\u00fdsledkem 561 bod\u016f. Ze sportovn\u00ed pistole &#8211; P3 m\u00e1m \u201eosob\u00e1k\u201c z 31.5.2008 vyst\u0159\u00edlen\u00fd na Jarn\u00ed cen\u011b Olomouce 563 bod\u016f\u201c.<\/em> <\/p>\n<p><strong><font color=\"#0066CC\">3. Jak s odstupem \u010dasu hodnot\u00ed\u0161 sv\u00e9 vystoupen\u00ed na LPH v Pekingu, kter\u00e9 asi nedopadlo podle tv\u00fdch p\u0159edstav?<\/font><\/strong><\/p>\n<p> V. Mar\u010dan: <em>\u201eP\u0159\u00edprava na LPH, do kter\u00e9 zahrnuji jak c\u00edlen\u00e9 tr\u00e9ninky s tren\u00e9rem, tak \u00fa\u010dast na vrcholov\u00fdch sout\u011b\u017e\u00edch a povinn\u00e9 tr\u00e9ninky p\u0159ed startem v \u010c\u00edn\u011b, byla nejprofesion\u00e1ln\u011bj\u0161\u00ed za obdob\u00ed m\u00e9 st\u0159eleck\u00e9 kari\u00e9ry. V\u00fdsledky 555, 563, 552, 553, 559 a 558 v discipl\u00edn\u011b P3, dosa\u017een\u00e9 v pr\u016fb\u011bhu \u010dty\u0159 m\u011bs\u00edc\u016f p\u0159ed samotn\u00fdm z\u00e1vodem na LPH jednozna\u010dn\u011b ukazuj\u00ed, \u017ee jsem byl velmi dob\u0159e p\u0159ipraven. Bohu\u017eel, povelem \u201estart\u201c na paralympi\u00e1d\u011b se zv\u00fd\u0161ila srde\u010dn\u00ed frekvence natolik, \u017ee jsem nemohl podat ani standardn\u00ed v\u00fdsledek. Beru to jako &#8222;nov\u00e1\u010dkovskou da\u0148&#8220; na LPH, kterou jsem si t\u00edm snad definitivn\u011b vybral\u201c.<\/em> <\/p>\n<p><strong><font color=\"#0066CC\">4. Jak\u00e9 jsou tv\u00e9 c\u00edle pro leto\u0161n\u00ed sez\u00f3nu?<\/font><\/strong><\/p>\n<p> V. Mar\u010dan: <em>\u201eM\u00e9 c\u00edle pro leto\u0161n\u00ed rok se musej\u00ed vej\u00edt do finan\u010dn\u00edho limitu prost\u0159edk\u016f sekce st\u0159electv\u00ed a mate\u0159sk\u00e9ho sportovn\u00edho klubu. Jestli\u017ee z osmi ofici\u00e1ln\u00edch turnaj\u016f sekce st\u0159elby IPC, kter\u00e9 jsou za\u0159azeny ve st\u0159eleck\u00e9m kalend\u00e1\u0159i IPC, se m\u016f\u017eu z\u00fa\u010dastnit jen dvou, nem\u016f\u017eu m\u00edt vysok\u00e9 c\u00edle na mezin\u00e1rodn\u00edm st\u0159eleck\u00e9m poli. Na mezin\u00e1rodn\u00ed p\u016fd\u011b se zam\u011b\u0159\u00edm hlavn\u011b na ME v \u010dervenci v Polsku. Na dom\u00e1c\u00ed p\u016fd\u011b v r\u00e1mci \u010cP a M\u010cR chci vyhr\u00e1vat a poko\u0159it \u010desk\u00fd rekord. Na v\u0161ech sout\u011b\u017e\u00edch chci pod\u00e1vat co nejlep\u0161\u00ed v\u00fdsledky, kter\u00e9 by potvrzovaly mou st\u00e1le se zvy\u0161uj\u00edc\u00ed v\u00fdkonnost\u201c<\/em>. <\/p>\n<p> Za odpov\u011bdi pod\u011bkoval David \u0160najdr <\/p>\n<p> <img decoding=\"async\" src=\"\/wordpress\/image\/k_clankum\/marcan_p1.jpg\"><\/p>\n","protected":false},"excerpt":{"rendered":"<a href=\"https:\/\/www.caths.cz\/wordpress\/ostrostrelec-z-olomouce\/\"><img loading=\"lazy\" decoding=\"async\" width=\"100\" height=\"100\" src=\"https:\/\/www.caths.cz\/wordpress\/wp-content\/plugins\/thumbnail-for-excerpts\/tfe_no_thumb.png\" class=\"alignleft wp-post-image tfe\" alt=\"\" title=\"\" \/><\/a><p>Vladim\u00edr Mar\u010dan (53) se loni stal prvn\u00edm \u010desk\u00fdm paralympionikem ve sportovn\u00ed st\u0159elb\u011b. Start na paralympi\u00e1d\u011b v Pekingu se p\u0159\u00edli\u0161 nevyda\u0159il \u2013 n\u00e1st\u0159el 502 bod\u016f sta\u010dil pouze na 26. m\u00edsto. Zklam\u00e1n\u00ed [&hellip;]<\/p>\n","protected":false},"author":1,"featured_media":0,"comment_status":"closed","ping_status":"closed","sticky":false,"template":"","format":"standard","meta":{"ngg_post_thumbnail":0,"footnotes":""},"categories":[16],"tags":[],"class_list":["post-950","post","type-post","status-publish","format-standard","hentry","category-rozhovory"],"_links":{"self":[{"href":"https:\/\/www.caths.cz\/wordpress\/wp-json\/wp\/v2\/posts\/950","targetHints":{"allow":["GET"]}}],"collection":[{"href":"https:\/\/www.caths.cz\/wordpress\/wp-json\/wp\/v2\/posts"}],"about":[{"href":"https:\/\/www.caths.cz\/wordpress\/wp-json\/wp\/v2\/types\/post"}],"author":[{"embeddable":true,"href":"https:\/\/www.caths.cz\/wordpress\/wp-json\/wp\/v2\/users\/1"}],"replies":[{"embeddable":true,"href":"https:\/\/www.caths.cz\/wordpress\/wp-json\/wp\/v2\/comments?post=950"}],"version-history":[{"count":0,"href":"https:\/\/www.caths.cz\/wordpress\/wp-json\/wp\/v2\/posts\/950\/revisions"}],"wp:attachment":[{"href":"https:\/\/www.caths.cz\/wordpress\/wp-json\/wp\/v2\/media?parent=950"}],"wp:term":[{"taxonomy":"category","embeddable":true,"href":"https:\/\/www.caths.cz\/wordpress\/wp-json\/wp\/v2\/categories?post=950"},{"taxonomy":"post_tag","embeddable":true,"href":"https:\/\/www.caths.cz\/wordpress\/wp-json\/wp\/v2\/tags?post=950"}],"curies":[{"name":"wp","href":"https:\/\/api.w.org\/{rel}","templated":true}]}}