{"id":945,"date":"2009-02-09T14:07:55","date_gmt":"2009-02-09T13:07:55","guid":{"rendered":"http:\/\/www.caths.cz\/wordpress\/?p=945"},"modified":"2009-02-09T14:07:55","modified_gmt":"2009-02-09T13:07:55","slug":"cyklisticka-reprezentace-jezdila-po-jizerkach-na-bezkach-a-kolem-okore-na-kolech","status":"publish","type":"post","link":"https:\/\/www.caths.cz\/wordpress\/cyklisticka-reprezentace-jezdila-po-jizerkach-na-bezkach-a-kolem-okore-na-kolech\/","title":{"rendered":"Cyklistick\u00e1 reprezentace jezdila po Jizerk\u00e1ch na b\u011b\u017ek\u00e1ch a kolem Oko\u0159e na kolech"},"content":{"rendered":"\n<p align=\"justify\">\nStejn\u011b jako v letech minul\u00fdch se cyklistick\u00e1 reprezentace se\u0161la na horsk\u00e9 chat\u011b, MUHU na tradi\u010dn\u00edm zimn\u00edm soust\u0159ed\u011bn\u00ed. A stejn\u011b jako v letech minul\u00fdch i tentokr\u00e1t s nimi na hor\u00e1ch pob\u00fdvali sportovci ze Svazu zrakov\u011b posti\u017een\u00fdch a studenti FTVS UK.<\/p>\n<p align=\"justify\"> Soust\u0159ed\u011bn\u00ed se nez\u00fa\u010dastnili pouze cyklist\u00e9, kter\u00e9 skolila ch\u0159ipka a Jirka Je\u017eek, kter\u00fd se p\u0159ipravuje na Mallorce na etapov\u00fd z\u00e1vod Vuelta Dominicana.<br \/> Soust\u0159ed\u011bn\u00ed bylo zam\u011b\u0159eno na rozvoj obecn\u00e9 kondice a tren\u00e9r Viktor Zapletal sv\u00e9 sv\u011b\u0159ence rozhodn\u011b nijak ne\u0161et\u0159il, posu\u010fte sami:<\/p>\n<p> dopoledne: 2,5 &#8211; 3 hodiny b\u011b\u017eky<br \/> odpoledne: 2 &#8211; 3 hodiny j\u00edzda na horsk\u00e9m kole<br \/> ve\u010der: 30 &#8211; 45 minut b\u011bh<\/p>\n<p> V p\u00e1tek po tr\u00e9ninku se cyklist\u00e9 p\u0159esunuli zp\u011bt do Prahy, aby v r\u00e1mci soust\u0159ed\u011bn\u00ed absolvovali cyklistick\u00fd z\u00e1vod na horsk\u00fdch kolech &#8211; <strong>Pra\u017esk\u00e1 zimn\u00ed pades\u00e1tka.<\/strong><br \/> A navzdory zna\u010dn\u00e9 \u00fanav\u011b, v z\u00e1vod\u011b, kde startovalo p\u0159es 250 cyklist\u016f, nedopadli v\u016fbec \u0161patn\u011b.<br \/> <strong>V sout\u011b\u017ei t\u00fdm\u016f obsadili druh\u00e9 m\u00edsto, Tom\u00e1\u0161 Kvasni\u010dka p\u0159ijel do c\u00edle v kategorii mu\u017e\u016f na 17. m\u00edst\u011b, Radim Pavl\u00edk pak dokonce na m\u00edst\u011b t\u0159et\u00edm.<\/strong> A Radim zaznamenal nav\u00edc je\u0161t\u011b jeden \u00fasp\u011bch. Poprv\u00e9 porazil v z\u00e1vod\u011b sv\u00e9ho tren\u00e9ra Viktora Zapletala, kter\u00fd si tak kone\u010dn\u011b uv\u011bdomil, \u017ee m\u00e1 ml\u00e1d\u00ed \u00fasp\u011b\u0161n\u011b za sebou, resp. minutu a p\u016fl p\u0159ed sebou a sv\u00e9 \u00fasil\u00ed rad\u011bji v\u011bnoval boji o prvenstv\u00ed v kategorii veter\u00e1n\u016f.<\/p>\n<p> Zaslou\u017een\u00fd obdiv sklidil tandem ve slo\u017een\u00ed Marek Moflar &#8211; Jirka Chyba. N\u00e1ro\u010dnou tra\u0165, kdy m\u011bli sv\u016fj tandem doslova utopen\u00fd v bahn\u011b, state\u010dn\u011b dokon\u010dili i za cenu pom\u011brn\u011b zna\u010dn\u00fdch materi\u00e1ln\u00edch ztr\u00e1t: postupn\u011b ulomili p\u0159ehazova\u010dku, 4x p\u0159etrhli \u0159et\u011bz, rozlomili pastorek a nespo\u010detkr\u00e1t spadli.<br \/> Tyto defekty je odsunuly z boje o celkov\u00e9 prvenstv\u00ed, bez rozd\u00edlu kategori\u00ed, nicm\u00e9n\u011b vyu\u017eili sv\u00e9 s\u00edly a pokud zrovna neopravovali kolo, tak tahali v z\u00e1v\u011bsu po trati z\u00e1vodn\u00edky, kter\u00fdm do\u0161ly v n\u00e1ro\u010dn\u00e9m z\u00e1vod\u011b s\u00edly. <\/p>\n<p> Dal\u0161\u00ed soust\u0159ed\u011bn\u00ed \u010dek\u00e1 cyklisty za m\u011bs\u00edc v Tosk\u00e1nsku, tentokr\u00e1t u\u017e ale budou jezdit pouze na kolech. <\/p>\n<p> <img decoding=\"async\" src=\"\/wordpress\/image\/k_clankum\/soustredeni zima 009 009.jpg\"> <\/p>\n<p> <img decoding=\"async\" src=\"\/wordpress\/image\/k_clankum\/soustredeni zima 009 010.jpg\"> <\/p>\n<p> <img decoding=\"async\" src=\"\/wordpress\/image\/k_clankum\/soustredeni zima 009 021.jpg\"> <\/p>\n<p> <img decoding=\"async\" src=\"\/wordpress\/image\/k_clankum\/soustredeni zima 009 024.jpg\"> <\/p>\n<p> <img decoding=\"async\" src=\"\/wordpress\/image\/k_clankum\/soustredeni zima 009 037.jpg\"><\/p>\n","protected":false},"excerpt":{"rendered":"<a href=\"https:\/\/www.caths.cz\/wordpress\/cyklisticka-reprezentace-jezdila-po-jizerkach-na-bezkach-a-kolem-okore-na-kolech\/\"><img loading=\"lazy\" decoding=\"async\" width=\"100\" height=\"100\" src=\"https:\/\/www.caths.cz\/wordpress\/wp-content\/plugins\/thumbnail-for-excerpts\/tfe_no_thumb.png\" class=\"alignleft wp-post-image tfe\" alt=\"\" title=\"\" \/><\/a><p>Stejn\u011b jako v letech minul\u00fdch se cyklistick\u00e1 reprezentace se\u0161la na horsk\u00e9 chat\u011b, MUHU na tradi\u010dn\u00edm zimn\u00edm soust\u0159ed\u011bn\u00ed. A stejn\u011b jako v letech minul\u00fdch i tentokr\u00e1t s nimi na hor\u00e1ch pob\u00fdvali [&hellip;]<\/p>\n","protected":false},"author":1,"featured_media":0,"comment_status":"closed","ping_status":"closed","sticky":false,"template":"","format":"standard","meta":{"ngg_post_thumbnail":0,"footnotes":""},"categories":[2],"tags":[],"class_list":["post-945","post","type-post","status-publish","format-standard","hentry","category-cyklistika"],"_links":{"self":[{"href":"https:\/\/www.caths.cz\/wordpress\/wp-json\/wp\/v2\/posts\/945","targetHints":{"allow":["GET"]}}],"collection":[{"href":"https:\/\/www.caths.cz\/wordpress\/wp-json\/wp\/v2\/posts"}],"about":[{"href":"https:\/\/www.caths.cz\/wordpress\/wp-json\/wp\/v2\/types\/post"}],"author":[{"embeddable":true,"href":"https:\/\/www.caths.cz\/wordpress\/wp-json\/wp\/v2\/users\/1"}],"replies":[{"embeddable":true,"href":"https:\/\/www.caths.cz\/wordpress\/wp-json\/wp\/v2\/comments?post=945"}],"version-history":[{"count":0,"href":"https:\/\/www.caths.cz\/wordpress\/wp-json\/wp\/v2\/posts\/945\/revisions"}],"wp:attachment":[{"href":"https:\/\/www.caths.cz\/wordpress\/wp-json\/wp\/v2\/media?parent=945"}],"wp:term":[{"taxonomy":"category","embeddable":true,"href":"https:\/\/www.caths.cz\/wordpress\/wp-json\/wp\/v2\/categories?post=945"},{"taxonomy":"post_tag","embeddable":true,"href":"https:\/\/www.caths.cz\/wordpress\/wp-json\/wp\/v2\/tags?post=945"}],"curies":[{"name":"wp","href":"https:\/\/api.w.org\/{rel}","templated":true}]}}