{"id":942,"date":"2009-01-31T11:21:59","date_gmt":"2009-01-31T10:21:59","guid":{"rendered":"http:\/\/www.caths.cz\/wordpress\/?p=942"},"modified":"2009-01-31T11:21:59","modified_gmt":"2009-01-31T10:21:59","slug":"vyrobky-boskovicke-firmy-ok-bag-budou-pouzivat-vsechny-tymy-tp-sportovcu","status":"publish","type":"post","link":"https:\/\/www.caths.cz\/wordpress\/vyrobky-boskovicke-firmy-ok-bag-budou-pouzivat-vsechny-tymy-tp-sportovcu\/","title":{"rendered":"V\u00fdrobky boskovick\u00e9 firmy O.K. BAG budou pou\u017e\u00edvat v\u0161echny t\u00fdmy TP sportovc\u016f"},"content":{"rendered":"<p align=\"justify\">\nDlouholet\u00fd partner reprezenta\u010dn\u00edho t\u00fdmu t\u011blesn\u011b posti\u017een\u00fdch cyklist\u016f, firma O.K.BAG z Boskovic, vybav\u00ed sportovn\u00edmi ta\u0161kami, bat\u016f\u017eky a obaly na sportovn\u00ed n\u00e1\u010din\u00ed i ostatn\u00ed reprezenta\u010dn\u00ed t\u00fdmy \u010cATHS.<\/p>\n<p align=\"justify\"> <img decoding=\"async\" src=\"\/wordpress\/image\/k_clankum\/okbaglogo.jpg\"> <\/p>\n<p> Po atletick\u00e9 reprezentaci, kter\u00e1 byla vybavena speci\u00e1ln\u00edmi obaly na vrhac\u00ed stolice, se kter\u00fdmi atleti cestovali do Pekingu, dal\u0161\u00edm reprezenta\u010dn\u00edm t\u00fdmem, kter\u00fd vyzkou\u0161\u00ed sportovn\u00ed ta\u0161ky a speci\u00e1ln\u00ed obaly na ly\u017ee budou sjezda\u0159i, kte\u0159\u00ed odl\u00e9taj\u00ed na MS do Koreii.<\/p>\n<p> Je pot\u0159eba zd\u016fraznit, \u017ee ve\u0161ker\u00e9 obaly a ta\u0161ky O.K. BAG \u0161ije na\u0161im reprezentant\u016fm na m\u00edru a dle jejich konkr\u00e9tn\u00edch po\u017eadavk\u016f a pot\u0159eb. Tak nap\u0159\u00edklad Standovi Loskovi se pro jeho speci\u00e1ly, na kter\u00fdch pojede v Koreii z\u00e1vod SuperG, \u0161ije obal dlouh\u00fd 210 cm se speci\u00e1ln\u00edm polstrov\u00e1n\u00edm pro p\u0159epravu v letadle.<\/p>\n<p> <img decoding=\"async\" src=\"\/wordpress\/image\/k_clankum\/okbagoballyze.jpg\"> <\/p>\n<p> Spolupr\u00e1ce firmy O.K.BAG a \u010cATHS nen\u00ed ale pouze o propagaci v\u00fdrobk\u016f a recipro\u010dn\u00edm sponzoringu. Poznatky plynouc\u00ed z \u010dast\u00e9ho u\u017e\u00edv\u00e1n\u00ed obal\u016f p\u0159ev\u00e1d\u00ed boskovick\u00e1 firma p\u0159\u00edmo do v\u00fdrobn\u00ed praxe. A tak nap\u0159\u00edklad obaly na kola, pro p\u0159epravu v letadle, prod\u011blaly b\u011bhem t\u0159\u00edlet\u00e9 spolupr\u00e1ce celou \u0159adu zm\u011bn a z\u00e1kazn\u00edk, kter\u00fd si v\u00fdrobek nyn\u00ed zakoup\u00ed, dost\u00e1v\u00e1 k u\u017e\u00edv\u00e1n\u00ed produkt, na jeho\u017e v\u00fdvoji se p\u0159\u00edmo pod\u00edlel i paralympijsk\u00fd v\u00edt\u011bz a mistr sv\u011bta, Ji\u0159\u00ed Je\u017eek. Jeho ta\u0161ky na kola toti\u017e b\u011bhem roku absolvuj\u00ed asi ten nejn\u00e1ro\u010dn\u011bj\u0161\u00ed z\u00e1t\u011b\u017eov\u00fd test, kdy\u017e prakticky neust\u00e1le cestuj\u00ed po v\u0161ech sv\u011btad\u00edlech, leti\u0161t\u00edch, hotelech, ale i v autobuse, aut\u011b, atd&#8230; <\/p>\n<p><img decoding=\"async\" src=\"\/wordpress\/image\/k_clankum\/okbagtaska1.jpg\"> <\/p>\n<p> Z\u00e1v\u011brem dod\u00e1v\u00e1me, \u017ee v\u00fdrobky firmy O.K.BAG si v\u0161ichni \u010dlenov\u00e9 \u010cATHS mohou zakoupit se zna\u010dnou slevou. Pokud tedy m\u00e1te o n\u011bjak\u00fd v\u00fdrobek z\u00e1jem, kontaktuje pros\u00edm sekretari\u00e1t \u010cATHS, kter\u00fd v\u00e1m produkt objedn\u00e1 a v\u00fdrobek obdr\u017e\u00edte po\u0161tou na dob\u00edrku. <\/p>\n<p> <img decoding=\"async\" src=\"\/wordpress\/image\/k_clankum\/okbagtaska2.jpg\"> <\/p>\n","protected":false},"excerpt":{"rendered":"<a href=\"https:\/\/www.caths.cz\/wordpress\/vyrobky-boskovicke-firmy-ok-bag-budou-pouzivat-vsechny-tymy-tp-sportovcu\/\"><img loading=\"lazy\" decoding=\"async\" width=\"100\" height=\"100\" src=\"https:\/\/www.caths.cz\/wordpress\/wp-content\/plugins\/thumbnail-for-excerpts\/tfe_no_thumb.png\" class=\"alignleft wp-post-image tfe\" alt=\"\" title=\"\" \/><\/a><p>Dlouholet\u00fd partner reprezenta\u010dn\u00edho t\u00fdmu t\u011blesn\u011b posti\u017een\u00fdch cyklist\u016f, firma O.K.BAG z Boskovic, vybav\u00ed sportovn\u00edmi ta\u0161kami, bat\u016f\u017eky a obaly na sportovn\u00ed n\u00e1\u010din\u00ed i ostatn\u00ed reprezenta\u010dn\u00ed t\u00fdmy \u010cATHS. Po atletick\u00e9 reprezentaci, kter\u00e1 byla [&hellip;]<\/p>\n","protected":false},"author":1,"featured_media":0,"comment_status":"closed","ping_status":"closed","sticky":false,"template":"","format":"standard","meta":{"ngg_post_thumbnail":0,"footnotes":""},"categories":[6],"tags":[],"class_list":["post-942","post","type-post","status-publish","format-standard","hentry","category-caths-info"],"_links":{"self":[{"href":"https:\/\/www.caths.cz\/wordpress\/wp-json\/wp\/v2\/posts\/942","targetHints":{"allow":["GET"]}}],"collection":[{"href":"https:\/\/www.caths.cz\/wordpress\/wp-json\/wp\/v2\/posts"}],"about":[{"href":"https:\/\/www.caths.cz\/wordpress\/wp-json\/wp\/v2\/types\/post"}],"author":[{"embeddable":true,"href":"https:\/\/www.caths.cz\/wordpress\/wp-json\/wp\/v2\/users\/1"}],"replies":[{"embeddable":true,"href":"https:\/\/www.caths.cz\/wordpress\/wp-json\/wp\/v2\/comments?post=942"}],"version-history":[{"count":0,"href":"https:\/\/www.caths.cz\/wordpress\/wp-json\/wp\/v2\/posts\/942\/revisions"}],"wp:attachment":[{"href":"https:\/\/www.caths.cz\/wordpress\/wp-json\/wp\/v2\/media?parent=942"}],"wp:term":[{"taxonomy":"category","embeddable":true,"href":"https:\/\/www.caths.cz\/wordpress\/wp-json\/wp\/v2\/categories?post=942"},{"taxonomy":"post_tag","embeddable":true,"href":"https:\/\/www.caths.cz\/wordpress\/wp-json\/wp\/v2\/tags?post=942"}],"curies":[{"name":"wp","href":"https:\/\/api.w.org\/{rel}","templated":true}]}}