{"id":941,"date":"2009-01-29T09:44:12","date_gmt":"2009-01-29T08:44:12","guid":{"rendered":"http:\/\/www.caths.cz\/wordpress\/?p=941"},"modified":"2009-01-29T09:44:12","modified_gmt":"2009-01-29T08:44:12","slug":"na-tiskove-konferenci-v-palaci-myslbek-byl-predstaven-unikatni-cyklisticky-tym-rubena-specialized-cycling-team","status":"publish","type":"post","link":"https:\/\/www.caths.cz\/wordpress\/na-tiskove-konferenci-v-palaci-myslbek-byl-predstaven-unikatni-cyklisticky-tym-rubena-specialized-cycling-team\/","title":{"rendered":"Na tiskov\u00e9 konferenci v pal\u00e1ci Myslbek byl p\u0159edstaven unik\u00e1tn\u00ed cyklistick\u00fd t\u00fdm RUBENA SPECIALIZED Cycling Team"},"content":{"rendered":"<p align=\"justify\">\nV\u00fdznamn\u00e9 tuzemsk\u00e9 firmy &#8211; Rubena a.s., Radegast Birell, presti\u017en\u00ed americk\u00e1 firma Specialized, v zastoupen\u00ed \u010desk\u00e9ho dovozce, v\u00fdznamn\u00fd \u010desk\u00fd dovozce cyklokomponent\u016f, Cyklo \u017ditn\u00fd, ale nap\u0159\u00edklad i St\u0159edo\u010desk\u00fd kraj, \u010di poji\u0161\u0165ovna Kooperativa, tak to jsou pouze n\u011bkte\u0159\u00ed partne\u0159i unik\u00e1tn\u00edho projektu &#8211; Rubena Specialized Cycling Teamu, kter\u00fd ve sv\u00fdch \u0159ad\u00e1ch anga\u017euje \u0161pi\u010dkov\u00e9 profesion\u00e1ln\u00ed cyklisty a z\u00e1rove\u0148 i p\u0159edn\u00ed handicapovan\u00e9 cyklisty, \u010d\u00edm\u017e p\u0159edstavuje, nejenom v \u010cesk\u00e9 republice, zcela ojedin\u011bl\u00fd program rozvoje v\u00fdkonnostn\u00edho sportu.<\/p>\n<p>V\u00edce najdete v ofici\u00e1ln\u00ed tiskov\u00e9 zpr\u00e1v\u011b <a href=\"storage\/cyklistika\/RUBENA SPECIALIZED CYCLING TEAM.doc\"><font color=\"#0066CC\"><strong>zde:<\/strong> <\/font><\/a><\/p>\n<p> Report\u00e1\u017e \u010cT z tiskov\u00e9 konference Rubena Spacialized Cycling teamu <a href=\"http:\/\/www.ceskatelevize.cz\/ivysilani\/209411012000128-zpravy\/\"><strong> ZDE<\/strong><\/a> (22.minuta) <\/p>\n<p> <img decoding=\"async\" src=\"\/wordpress\/image\/k_clankum\/cyklistika 2009 004.jpg\"><\/p>\n","protected":false},"excerpt":{"rendered":"<a href=\"https:\/\/www.caths.cz\/wordpress\/na-tiskove-konferenci-v-palaci-myslbek-byl-predstaven-unikatni-cyklisticky-tym-rubena-specialized-cycling-team\/\"><img loading=\"lazy\" decoding=\"async\" width=\"100\" height=\"100\" src=\"https:\/\/www.caths.cz\/wordpress\/wp-content\/plugins\/thumbnail-for-excerpts\/tfe_no_thumb.png\" class=\"alignleft wp-post-image tfe\" alt=\"\" title=\"\" \/><\/a><p>V\u00fdznamn\u00e9 tuzemsk\u00e9 firmy &#8211; Rubena a.s., Radegast Birell, presti\u017en\u00ed americk\u00e1 firma Specialized, v zastoupen\u00ed \u010desk\u00e9ho dovozce, v\u00fdznamn\u00fd \u010desk\u00fd dovozce cyklokomponent\u016f, Cyklo \u017ditn\u00fd, ale nap\u0159\u00edklad i St\u0159edo\u010desk\u00fd kraj, \u010di poji\u0161\u0165ovna Kooperativa, [&hellip;]<\/p>\n","protected":false},"author":1,"featured_media":0,"comment_status":"closed","ping_status":"closed","sticky":false,"template":"","format":"standard","meta":{"ngg_post_thumbnail":0,"footnotes":""},"categories":[2],"tags":[],"class_list":["post-941","post","type-post","status-publish","format-standard","hentry","category-cyklistika"],"_links":{"self":[{"href":"https:\/\/www.caths.cz\/wordpress\/wp-json\/wp\/v2\/posts\/941","targetHints":{"allow":["GET"]}}],"collection":[{"href":"https:\/\/www.caths.cz\/wordpress\/wp-json\/wp\/v2\/posts"}],"about":[{"href":"https:\/\/www.caths.cz\/wordpress\/wp-json\/wp\/v2\/types\/post"}],"author":[{"embeddable":true,"href":"https:\/\/www.caths.cz\/wordpress\/wp-json\/wp\/v2\/users\/1"}],"replies":[{"embeddable":true,"href":"https:\/\/www.caths.cz\/wordpress\/wp-json\/wp\/v2\/comments?post=941"}],"version-history":[{"count":0,"href":"https:\/\/www.caths.cz\/wordpress\/wp-json\/wp\/v2\/posts\/941\/revisions"}],"wp:attachment":[{"href":"https:\/\/www.caths.cz\/wordpress\/wp-json\/wp\/v2\/media?parent=941"}],"wp:term":[{"taxonomy":"category","embeddable":true,"href":"https:\/\/www.caths.cz\/wordpress\/wp-json\/wp\/v2\/categories?post=941"},{"taxonomy":"post_tag","embeddable":true,"href":"https:\/\/www.caths.cz\/wordpress\/wp-json\/wp\/v2\/tags?post=941"}],"curies":[{"name":"wp","href":"https:\/\/api.w.org\/{rel}","templated":true}]}}