{"id":940,"date":"2009-01-26T09:52:12","date_gmt":"2009-01-26T08:52:12","guid":{"rendered":"http:\/\/www.caths.cz\/wordpress\/?p=940"},"modified":"2009-01-26T09:52:12","modified_gmt":"2009-01-26T08:52:12","slug":"5-otazek-pro-naseho-nejuspesnejsiho-sportovce-cyklistu-jiriho-jezka","status":"publish","type":"post","link":"https:\/\/www.caths.cz\/wordpress\/5-otazek-pro-naseho-nejuspesnejsiho-sportovce-cyklistu-jiriho-jezka\/","title":{"rendered":"5 ot\u00e1zek pro na\u0161eho nej\u00fasp\u011b\u0161n\u011bj\u0161\u00edho sportovce, cyklistu Ji\u0159\u00edho Je\u017eka"},"content":{"rendered":"<p align=\"justify\"> <strong><font color=\"#0066CC\"> 1. Jsi v pln\u00e9 p\u0159\u00edprav\u011b, m\u00e1\u0161 za sebou od listopadu ji\u017e t\u0159et\u00ed, velmi n\u00e1ro\u010dn\u00e9 soust\u0159ed\u011bn\u00ed, dohromady jsi byl doma jen p\u00e1r dn\u00ed. Tv\u016fj tren\u00e9r prozradil, \u017ee zvl\u00e1d\u00e1\u0161 absolvovat mimo\u0159\u00e1dn\u011b t\u011b\u017ek\u00e9 tr\u00e9ninkov\u00e9 d\u00e1vky a tak\u00e9 to, \u017ee jsi doposud nikdy nejezdil tak dob\u0159e jako nyn\u00ed, co\u017e potvrzuj\u00ed i tvoji reprezenta\u010dn\u00ed kolegov\u00e9 se kter\u00fdmi jsi byl na spole\u010dn\u00e9m dr\u00e1hov\u00e9m tr\u00e9ninku b\u011bhem p\u0159\u00edletu a odletu na dal\u0161\u00ed soust\u0159ed\u011bn\u00ed &#8211; pr\u00fd se s tebou fakt ned\u00e1 jezdit \ud83d\ude42 <br \/> Jak se c\u00edt\u00ed\u0161?<\/font><\/strong><\/p>\n<p> D\u00edky za povzbudiv\u011b lad\u011bnou ot\u00e1zku \ud83d\ude42 Moment\u00e1ln\u011b, \u0161est hodin po n\u00e1vratu se c\u00edt\u00edm hodn\u011b unaven\u00fd. Posledn\u00ed soust\u0159ed\u011bn\u00ed bylo opravdu n\u00e1ro\u010dn\u00e9. Z\u00e1vody se bl\u00ed\u017e\u00ed, tr\u00e9nink se zintenziv\u0148uje, ale st\u00e1le jsem ve f\u00e1zi velk\u00e9ho objemu. Na Gran Canaria jsem m\u011bl za \u00fakol jezdit v kopcovit\u00e9m a\u017e horsk\u00e9m ter\u00e9nu denn\u011b p\u011bt a\u017e sedm hodin. Ale c\u00edt\u00edm, \u017ee do z\u00edtra si odpo\u010dinu a tr\u00e9ninkov\u00e1 \u00fanava se p\u0159em\u011bn\u00ed v s\u00edlu v noh\u00e1ch, a na to se t\u011b\u0161\u00edm. To je ostatn\u011b c\u00edlem tr\u00e9ninku, \u017ee \ud83d\ude42 <\/p>\n<p> <strong><font color=\"#0066CC\"> 2. Tvou formu potvrzuje i to, \u017ee jsi z pln\u00e9ho tr\u00e9ninku absolvoval v Melbourne s\u00e9rii kriterijn\u00edch z\u00e1vod\u00fa s profesion\u00e1ly a v\u0161e velmi \u00fasp\u011b\u0161n\u011b&#8230;<\/font><\/strong><\/p>\n<p> Je pravda, \u017ee u\u017e na p\u0159elomu roku se mi jezdilo dob\u0159e, navzdory p\u0159edchoz\u00edmu t\u011b\u017ek\u00e9mu tr\u00e9ninkov\u00e9mu bloku. Ale to bohu\u017eel nic ne\u0159e\u0161\u00ed. Hlavn\u00ed \u010d\u00e1sti sez\u00f3ny jsou je\u0161t\u011b hodn\u011b, hodn\u011b daleko. Ka\u017ed\u00fd poveden\u00fd z\u00e1vod \u010di tr\u00e9nink v\u0161ak pot\u011b\u0161\u00ed \ud83d\ude42<\/p>\n<p> <strong><font color=\"#0066CC\"> 3. Na jak\u00fd z\u00e1vod se nyn\u00ed p\u0159ipravuje\u0161 a jak\u00fd je tv\u016fj bezprost\u0159edn\u00ed tr\u00e9ninkov\u00fd program?<\/font><\/strong><\/p>\n<p> V polovin\u011b \u00fanora absolvuji tradi\u010dn\u00ed profesion\u00e1ln\u00ed etapov\u00fd z\u00e1vod \u201eVuelta Independencia\u201c v Dominik\u00e1nsk\u00e9 republice, kter\u00fd je mou tradi\u010dn\u00ed fin\u00e1ln\u00ed p\u0159\u00edpravou i ostr\u00fdm z\u00e1vodn\u00edm testem p\u0159ed startem sez\u00f3ny v Evrop\u011b. Moment\u00e1ln\u011b v\u0161ak mus\u00edm str\u00e1vit p\u00e1r dn\u00ed v Praze. Tr\u00e9nink si tedy \u201eodkrout\u00edm\u201c doma na trena\u017e\u00e9ru a zpest\u0159\u00edm spolu s kolegy z reprezentace na motolsk\u00e9m velodromu. P\u0159ed odletem do Karibiku bych ale r\u00e1d je\u0161t\u011b na deset dn\u00ed n\u011bkam za kvalitn\u00ed p\u0159\u00edpravou. Bude z\u00e1le\u017eet na po\u010das\u00ed. <\/p>\n<p> <strong><font color=\"#0066CC\"> 4. Stal ses popul\u00e1rn\u00ed osobnost\u00ed nejenom u n\u00e1s, ale i v zahrani\u010d\u00ed. Dokonce se prosl\u00fdch\u00e1, \u017ee T\u011b tren\u00e9r \u017e\u00e1d\u00e1, abys v\u00edce tr\u00e9noval v zahrani\u010d\u00ed, kde m\u00e1\u0161 v\u00edce klidu na p\u0159\u00edpravu \ud83d\ude42 Jak vypadal Tv\u016fj &#8222;medi\u00e1ln\u00ed&#8220; program po n\u00e1vratu z Pekingu?<\/font><\/strong><\/p>\n<p> Medi\u00e1ln\u00ed z\u00e1jem je velk\u00fd a j\u00e1 nebudu zast\u00edrat, \u017ee z toho m\u00e1m radost. Zaprv\u00e9 je pr\u00e1v\u011b toto moje hlavn\u00ed zam\u011bstn\u00e1n\u00ed, to co m\u011b \u017eiv\u00ed, a zadruh\u00e9 to pom\u00e1h\u00e1 nejen m\u011b, ale i ostatn\u00edm, co\u017e p\u0159in\u00e1\u0161\u00ed pot\u0159ebnou pozornost a snad i pom\u00e1h\u00e1 zajistit prost\u0159edky v\u0161em na\u0161im hendikepovan\u00fdm sportovc\u016fm. Ale m\u00e1lokdo v\u00ed a dok\u00e1\u017ee ocenit, kolik je za t\u00edm pr\u00e1ce v\u0161ech, kte\u0159\u00ed mi pom\u00e1haj\u00ed. <\/p>\n<p> <strong><font color=\"#0066CC\"> 5. Kolo mistra sv\u011bta a paralympijsk\u00e9ho v\u00edt\u011bze je neust\u00e1le pod drobnohledem odborn\u00edk\u016f, fanou\u0161k\u016f ale i z\u00e1vodn\u00edk\u016f a \u0161irok\u00e9 ve\u0159ejnosti. U\u017e na veletrhu Sportlife kolovaly r\u016fzn\u00e9 dohady, jak bude vypadat Tv\u016fj speci\u00e1l pro rok 2009. Nov\u00e9 kolo m\u00e1 pr\u00fd b\u00fdt doslova revolu\u010dn\u00ed. M\u016f\u017ee\u0161 u\u017e prozradit n\u011bjak\u00e9 detaily o komponentech a r\u00e1mu sv\u00e9ho nov\u00e9ho speci\u00e1lu?<\/font><\/strong><\/p>\n<p> Zat\u00edm bych nerad, proto\u017ee to bude opravdov\u00e1 bomba. Firma DURATEC, kter\u00e1 je ji\u017e osmou sez\u00f3nu dodavatelem v\u0161ech m\u00fdch bicykl\u016f, z\u00edskala grant EU na v\u00fdvoj nov\u00e9 technologie nej\u0161pi\u010dkov\u011bj\u0161\u00edch materi\u00e1l\u016f pro cyklistiku. V\u00fdsledkem unik\u00e1tn\u00ed technologie vyvinut\u00e9 pr\u00e1v\u011b firmou DURATEC bude kompaktn\u00ed karbonov\u00fd r\u00e1m, je\u017e zat\u00edm nem\u00e1 na sv\u011bt\u011b obdoby. Kolo bude i letos osazeno nejlep\u0161\u00edmi komponenty SRAM Red a nov\u011b i \u0161pi\u010dkov\u00fdmi italsk\u00fdmi koly FULCRUM. V sou\u010dasnosti jedn\u00e1m je\u0161t\u011b s jednou inovativn\u00ed a sv\u011btov\u011b proslulou \u010deskou firmou, kter\u00e1 by se m\u011bla st\u00e1t m\u00fdm dal\u0161\u00edm dom\u00e1c\u00edm dodavatelem cyklistick\u00e9ho materi\u00e1lu, ale o tom zase p\u0159\u00ed\u0161t\u011b. St\u00e1le toti\u017e plat\u00ed, \u017ee pokud je v \u010cech\u00e1ch kvalitn\u00ed v\u00fdrobce konkurenceschopn\u00e9ho zbo\u017e\u00ed, sna\u017e\u00edm se p\u0159i sv\u00fdch zahrani\u010dn\u00edch i dom\u00e1c\u00edch startech propagovat pr\u00e1v\u011b produkty \u010desk\u00fdch firem. Spolupr\u00e1ce s firmami jako je NUTREND, KALAS \u010di MOIRA je pro m\u011b presti\u017en\u00ed a i srde\u010dn\u00ed z\u00e1le\u017eitost\u00ed.<\/p>\n<p> <img decoding=\"async\" src=\"\/wordpress\/image\/k_clankum\/jjj1.JPG\"><\/p>\n<p> <img decoding=\"async\" src=\"\/wordpress\/image\/k_clankum\/jjj2.JPG\"><\/p>\n<p> <img decoding=\"async\" src=\"\/wordpress\/image\/k_clankum\/jjj3.JPG\"><\/p>\n","protected":false},"excerpt":{"rendered":"<a href=\"https:\/\/www.caths.cz\/wordpress\/5-otazek-pro-naseho-nejuspesnejsiho-sportovce-cyklistu-jiriho-jezka\/\"><img loading=\"lazy\" decoding=\"async\" width=\"100\" height=\"100\" src=\"https:\/\/www.caths.cz\/wordpress\/wp-content\/plugins\/thumbnail-for-excerpts\/tfe_no_thumb.png\" class=\"alignleft wp-post-image tfe\" alt=\"\" title=\"\" \/><\/a><p>1. Jsi v pln\u00e9 p\u0159\u00edprav\u011b, m\u00e1\u0161 za sebou od listopadu ji\u017e t\u0159et\u00ed, velmi n\u00e1ro\u010dn\u00e9 soust\u0159ed\u011bn\u00ed, dohromady jsi byl doma jen p\u00e1r dn\u00ed. Tv\u016fj tren\u00e9r prozradil, \u017ee zvl\u00e1d\u00e1\u0161 absolvovat mimo\u0159\u00e1dn\u011b t\u011b\u017ek\u00e9 [&hellip;]<\/p>\n","protected":false},"author":1,"featured_media":0,"comment_status":"closed","ping_status":"closed","sticky":false,"template":"","format":"standard","meta":{"ngg_post_thumbnail":0,"footnotes":""},"categories":[16],"tags":[],"class_list":["post-940","post","type-post","status-publish","format-standard","hentry","category-rozhovory"],"_links":{"self":[{"href":"https:\/\/www.caths.cz\/wordpress\/wp-json\/wp\/v2\/posts\/940","targetHints":{"allow":["GET"]}}],"collection":[{"href":"https:\/\/www.caths.cz\/wordpress\/wp-json\/wp\/v2\/posts"}],"about":[{"href":"https:\/\/www.caths.cz\/wordpress\/wp-json\/wp\/v2\/types\/post"}],"author":[{"embeddable":true,"href":"https:\/\/www.caths.cz\/wordpress\/wp-json\/wp\/v2\/users\/1"}],"replies":[{"embeddable":true,"href":"https:\/\/www.caths.cz\/wordpress\/wp-json\/wp\/v2\/comments?post=940"}],"version-history":[{"count":0,"href":"https:\/\/www.caths.cz\/wordpress\/wp-json\/wp\/v2\/posts\/940\/revisions"}],"wp:attachment":[{"href":"https:\/\/www.caths.cz\/wordpress\/wp-json\/wp\/v2\/media?parent=940"}],"wp:term":[{"taxonomy":"category","embeddable":true,"href":"https:\/\/www.caths.cz\/wordpress\/wp-json\/wp\/v2\/categories?post=940"},{"taxonomy":"post_tag","embeddable":true,"href":"https:\/\/www.caths.cz\/wordpress\/wp-json\/wp\/v2\/tags?post=940"}],"curies":[{"name":"wp","href":"https:\/\/api.w.org\/{rel}","templated":true}]}}