{"id":939,"date":"2009-01-23T19:31:55","date_gmt":"2009-01-23T18:31:55","guid":{"rendered":"http:\/\/www.caths.cz\/wordpress\/?p=939"},"modified":"2009-01-23T19:31:55","modified_gmt":"2009-01-23T18:31:55","slug":"5-otazek-pro-medailistku-z-paralympiady-v-pekingu-janu-fesslovou","status":"publish","type":"post","link":"https:\/\/www.caths.cz\/wordpress\/5-otazek-pro-medailistku-z-paralympiady-v-pekingu-janu-fesslovou\/","title":{"rendered":"5 ot\u00e1zek pro medailistku z paralympi\u00e1dy v Pekingu, Janu Fesslovou"},"content":{"rendered":"<p align=\"justify\"> <strong><font color=\"#0066CC\"> 1. Ned\u00e1vno jsi p\u0159estoupila do nov\u00e9ho odd\u00edlu &#8211; Sokola \u010cesk\u00e9 Bud\u011bjovice. Kdo je Tv\u00fdm osobn\u00edm tren\u00e9rem a v \u010dem je zm\u011bna odd\u00edlu pro Tebe p\u0159\u00ednosem?<\/font><\/strong><\/p>\n<p> M\u00fdm osobn\u00edm tren\u00e9rem je Miroslav Guzdek, se kter\u00fdm jsem za\u010dala spolupracovat v \u010dervenci lo\u0148sk\u00e9ho roku. P\u0159ipravuje mi individu\u00e1ln\u00ed tr\u00e9ninkov\u00e9 pl\u00e1ny, zajistil mi podstatnou \u010d\u00e1st tr\u00e9ninkov\u00e9ho n\u00e1\u010din\u00ed. Jinak rozhodn\u011b nemohu zapomenout na tren\u00e9rku reprezentace Vlastu Hofmanovou, kter\u00e1 je z \u010cesk\u00fdch Bud\u011bjovic a v tr\u00e9ninku mi taky hodn\u011b pom\u00e1h\u00e1. V Pardubic\u00edch jsem m\u011bla dobr\u00e9 podm\u00ednky, kter\u00e9 v \u010cR nikde nebyly, nicm\u00e9n\u011b jsem dostala nab\u00eddku za\u0159adit se mezi zdrav\u00e9 sportovce a m\u00edt stejn\u00e9 podm\u00ednky, jako maj\u00ed oni, co\u017e jsem moc r\u00e1da vyu\u017eila. Tr\u00e9ninkov\u00e9 z\u00e1zem\u00ed m\u00e1m v \u010cB v l\u00e9t\u011b stadion pro h\u00e1zen\u00ed a v zim\u011b m\u00e1m k dispozici koridor v hale, tak\u017ee p\u0159\u00edprava nen\u00ed p\u0159eru\u0161ena. Nav\u00edc v\u011bt\u0161ina m\u00fdch sponzor\u016f je pr\u00e1v\u011b z jihu \u010cech, a tak je snadn\u011bj\u0161\u00ed zajistit si kvalitn\u00ed sez\u00f3nu, kdy\u017e j\u00e1 sama startuji za jiho\u010desk\u00fd klub. <\/p>\n<p> <strong><font color=\"#0066CC\"> 2. Pros\u00edm popi\u0161 n\u00e1m, jak bude vypadat sez\u00f3na 2009 &#8211; jak\u00fdch se z\u00fa\u010dastn\u00ed\u0161 z\u00e1vod\u016f, jak\u00e9 absolvuje\u0161 soust\u0159ed\u011bn\u00ed? <\/font><\/strong><\/p>\n<p> Sez\u00f3na 2009 bude ve znamen\u00ed hodn\u011b tr\u00e9nov\u00e1n\u00ed a ur\u010dit\u011b se z\u00fa\u010dastn\u00edm vybran\u00fdch z\u00e1vod\u016f. Ka\u017edop\u00e1dn\u011b, cel\u00e1 p\u0159\u00edprava povede k mistrovstv\u00ed sv\u011bta, kter\u00e9 se bude konat v lednu 2011. Ur\u010dit\u011b bych r\u00e1da jela na v\u0161ech 7 kol \u010cesk\u00e9ho poh\u00e1ru atletiky voz\u00ed\u010dk\u00e1\u0159\u016f, z\u00fa\u010dastnit se presti\u017en\u00edho Otev\u0159en\u00e9ho mistrovstv\u00ed \u010cR v Olomouci, kter\u00e9 m\u00e1 skv\u011blou \u00farove\u0148 i d\u00edky organiz\u00e1tor\u016fm a z mezin\u00e1rodn\u00edch z\u00e1vod\u016f je zat\u00edm jist\u00e9, \u017ee chci odjet na IWAS Sv\u011btov\u00e9 hry v Indick\u00e9m Bangalore a samoz\u0159ejm\u011b zva\u017euju i dal\u0161\u00ed zahrani\u010dn\u00ed z\u00e1vody, kde bych se mohla potkat se sv\u011btovou \u0161pi\u010dkou. Co se t\u00fd\u010de soust\u0159ed\u011bn\u00ed, ur\u010dit\u011b se z\u00fa\u010dastn\u00edm reprezenta\u010dn\u00edho soust\u0159ed\u011bn\u00ed, kter\u00e9 se bude konat ve sportovn\u00edm centru v Nymburce. <\/p>\n<p> <strong><font color=\"#0066CC\"> 3. Jak prob\u00edh\u00e1 sou\u010dasn\u00e1 p\u0159\u00edprava na novou atletickou sez\u00f3nu a je n\u011bjak\u00e1 z\u00e1sadn\u00ed zm\u011bna v Tv\u00e9 p\u0159\u00edprav\u011b? <\/font><\/strong><\/p>\n<p> Sou\u010dasn\u00e1 p\u0159\u00edprava je bohu\u017eel naru\u0161en\u00e1, d\u00edky m\u00e9mu onemocn\u011bn\u00ed (n\u00e1dor na plic\u00edch), tak\u017ee nyn\u00ed m\u00e1m za sebou \u010d\u00e1st cyklu chemoterapie a 3 je\u0161t\u011b p\u0159ed sebou. Nyn\u00ed se sna\u017e\u00edm pokyny l\u00e9ka\u0159\u016f dodr\u017eet, proto\u017ee rok p\u0159ed paralympi\u00e1dou jsem ve\u0161kerou l\u00e9\u010dbu ukon\u010dila, abych se mohla intenzivn\u011b p\u0159ipravovat na Peking. S t\u00edm samoz\u0159ejm\u011b p\u0159i\u0161lo i zhor\u0161en\u00ed, a tak je to te\u010f trochu n\u00e1ro\u010dn\u011bj\u0161\u00ed, nicm\u00e9n\u011b p\u0159\u00edprava je moment\u00e1ln\u011b tzv. udr\u017eovac\u00ed, tr\u00e9nuji, ale tak 3xkr\u00e1t t\u00fddn\u011b v posilovn\u011b a 2x baz\u00e9n. L\u00e9\u010dbu bych m\u011bla ukon\u010dit v druh\u00e9 p\u016flce \u00fanora a pak to teprve nastane, kdy budu moc za\u010d\u00edt intenzivn\u011b, co\u017e u m\u011b znamen\u00e1 tr\u00e9nink 5x t\u00fddn\u011b, z toho 3xt\u00fddn\u011b dvouf\u00e1zov\u011b. P\u0159es zimu rozhodn\u011b \u010das tr\u00e1v\u00edm v posilovn\u011b a v baz\u00e9nu. Z\u00e1sadn\u00ed zm\u011bnou i v leto\u0161n\u00ed p\u0159\u00edprav\u011b je spolupr\u00e1ce s pan\u00ed Vendulou Vojt\u00e1\u0161kovou, kter\u00e1 mi pom\u016f\u017ee s \u00fapravou \u017eivotospr\u00e1vy a kondi\u010dn\u00edm tr\u00e9ninkem. A jak zn\u00e1m Vendulku tak se na to moc t\u011b\u0161\u00edm.<\/p>\n<p> <strong><font color=\"#0066CC\"> 4. Jak\u00fd je Tv\u016fj hlavn\u00ed sportovn\u00ed c\u00edl pro tento rok? <\/font><\/strong><\/p>\n<p> M\u00fdm sportovn\u00edm c\u00edlem pro tento rok je, \u017ee bych r\u00e1da obh\u00e1jila republikov\u00fd titul v hodu diskem, v poh\u00e1ru bych se op\u011bt r\u00e1da poprala o prvn\u00ed m\u00edsto, i kdy\u017e to bude t\u011b\u017ek\u00e9, vzhledem k tomu, \u017ee sout\u011b\u017e je bez rozd\u00edlu handicapu, za pomoc\u00ed slavn\u00fdch p\u0159epo\u010dtov\u00fdch koeficient\u016f a ka\u017edop\u00e1dn\u011b bych se r\u00e1da p\u0159ibl\u00ed\u017eila hranici sv\u011btov\u00e9ho rekordu v disku. <\/p>\n<p> <strong><font color=\"#0066CC\"> 5. V Pekingu bylo \u010dast\u00fdm t\u00e9matem atletick\u00fdch diskuz\u00ed slu\u010dov\u00e1n\u00ed jednotliv\u00fdch kategori\u00ed. Jak Ty ch\u00e1pe\u0161 tuto problematiku? <\/font><\/strong><\/p>\n<p> Mysl\u00edm si, \u017ee slu\u010dov\u00e1n\u00ed je dost ne\u0161\u0165astn\u00e9 \u0159e\u0161en\u00ed a sport handicapovan\u00fdch to sp\u00ed\u0161 devalvuje ne\u017e pom\u00e1h\u00e1. Vzhledem k tomu, \u017ee p\u0159i slou\u010den\u00ed nerozhoduje v\u00fdkon, ale p\u0159epo\u010dtov\u00e9 body\u2026 T\u00edm doch\u00e1z\u00ed k tomu, \u017ee je pro sportovce lep\u0161\u00ed pod\u00e1vat standardn\u00ed v\u00fdkon, ne\u017e se zlep\u0161ovat a p\u0159ekon\u00e1vat rekordy, proto\u017ee si t\u00edm ve sv\u00e9 skupin\u011b \u201enezni\u010d\u00ed\u201c p\u0159epo\u010det, kter\u00fd je platn\u00fd dal\u0161\u00ed dva roky, a\u0165 u\u017e na MS, \u010di paralympi\u00e1d\u011b. T\u011b\u017eko se ob\u010das lidem, sportovn\u00edm fand\u016fm vysv\u011btluje, jak je mo\u017en\u00e9, \u017ee v\u00edt\u011bzem je sportovec s v\u00fdkonem 27,80m, druh\u00fd je sportovec, kter\u00fd hodil 17,12m a t\u0159et\u00ed je sportovec s v\u00fdkonem 24,82m\u2026.. Nev\u00edm, jak se to dotklo jin\u00fdch sport\u016f, ka\u017edop\u00e1dn\u011b u atletiky by se nad t\u00edm m\u011bli zamyslet. T\u00edm nechci \u0159\u00edct, aby se neslu\u010dovalo, ale sp\u00ed\u0161 se zamyslet nad syst\u00e9mem p\u0159epo\u010dtov\u00fdch koeficient\u016f. <\/p>\n","protected":false},"excerpt":{"rendered":"<a href=\"https:\/\/www.caths.cz\/wordpress\/5-otazek-pro-medailistku-z-paralympiady-v-pekingu-janu-fesslovou\/\"><img loading=\"lazy\" decoding=\"async\" width=\"100\" height=\"100\" src=\"https:\/\/www.caths.cz\/wordpress\/wp-content\/plugins\/thumbnail-for-excerpts\/tfe_no_thumb.png\" class=\"alignleft wp-post-image tfe\" alt=\"\" title=\"\" \/><\/a><p>1. Ned\u00e1vno jsi p\u0159estoupila do nov\u00e9ho odd\u00edlu &#8211; Sokola \u010cesk\u00e9 Bud\u011bjovice. Kdo je Tv\u00fdm osobn\u00edm tren\u00e9rem a v \u010dem je zm\u011bna odd\u00edlu pro Tebe p\u0159\u00ednosem? M\u00fdm osobn\u00edm tren\u00e9rem je Miroslav [&hellip;]<\/p>\n","protected":false},"author":1,"featured_media":0,"comment_status":"closed","ping_status":"closed","sticky":false,"template":"","format":"standard","meta":{"ngg_post_thumbnail":0,"footnotes":""},"categories":[16],"tags":[],"class_list":["post-939","post","type-post","status-publish","format-standard","hentry","category-rozhovory"],"_links":{"self":[{"href":"https:\/\/www.caths.cz\/wordpress\/wp-json\/wp\/v2\/posts\/939","targetHints":{"allow":["GET"]}}],"collection":[{"href":"https:\/\/www.caths.cz\/wordpress\/wp-json\/wp\/v2\/posts"}],"about":[{"href":"https:\/\/www.caths.cz\/wordpress\/wp-json\/wp\/v2\/types\/post"}],"author":[{"embeddable":true,"href":"https:\/\/www.caths.cz\/wordpress\/wp-json\/wp\/v2\/users\/1"}],"replies":[{"embeddable":true,"href":"https:\/\/www.caths.cz\/wordpress\/wp-json\/wp\/v2\/comments?post=939"}],"version-history":[{"count":0,"href":"https:\/\/www.caths.cz\/wordpress\/wp-json\/wp\/v2\/posts\/939\/revisions"}],"wp:attachment":[{"href":"https:\/\/www.caths.cz\/wordpress\/wp-json\/wp\/v2\/media?parent=939"}],"wp:term":[{"taxonomy":"category","embeddable":true,"href":"https:\/\/www.caths.cz\/wordpress\/wp-json\/wp\/v2\/categories?post=939"},{"taxonomy":"post_tag","embeddable":true,"href":"https:\/\/www.caths.cz\/wordpress\/wp-json\/wp\/v2\/tags?post=939"}],"curies":[{"name":"wp","href":"https:\/\/api.w.org\/{rel}","templated":true}]}}