{"id":937,"date":"2009-01-23T10:38:07","date_gmt":"2009-01-23T09:38:07","guid":{"rendered":"http:\/\/www.caths.cz\/wordpress\/?p=937"},"modified":"2009-01-23T10:38:07","modified_gmt":"2009-01-23T09:38:07","slug":"v-patek-bude-slavnostne-zahajeno-mistrovstvi-sveta-v-bezeckem-lyzovani-a-biatlonu","status":"publish","type":"post","link":"https:\/\/www.caths.cz\/wordpress\/v-patek-bude-slavnostne-zahajeno-mistrovstvi-sveta-v-bezeckem-lyzovani-a-biatlonu\/","title":{"rendered":"V p\u00e1tek bude slavnostn\u011b zah\u00e1jeno Mistrovstv\u00ed sv\u011bta v b\u011b\u017eeck\u00e9m ly\u017eov\u00e1n\u00ed a biatlonu"},"content":{"rendered":"<p>Od 23.ledna do 1.\u00fanora 2009 se ve finsk\u00e9m Vuokati bude konat Mistrovstv\u00ed sv\u011bta v biatlonu a b\u011b\u017eeck\u00e9m ly\u017eov\u00e1n\u00ed. P\u0159es 100 sportovc\u016f z 20 zem\u00ed bude sout\u011b\u017eit v obou druz\u00edch sport\u016f. <\/p>\n<p>&#8222;Sportovci z cel\u00e9ho sv\u011bta p\u0159ich\u00e1zej\u00ed, aby se pod\u011blili o jedine\u010dn\u00e9 sportovn\u00ed z\u00e1\u017eitky a o mo\u017enost za\u017e\u00edt paralympijsk\u00e9 hodnoty jako jsou odhodl\u00e1n\u00ed,odvaha a rovnopr\u00e1vnost.&#8220;, \u0159ekl Prezident IPS Sir Philip Craven, kter\u00fd se z\u00fa\u010dastn\u00ed p\u00e1te\u010dn\u00edho slavnostn\u00edho zahajovac\u00edho ceremoni\u00e1lu ve Vuokati. <\/p>\n<p>\u0160ampion\u00e1t je po\u0159\u00e1d\u00e1n Vuokati Sport Institutem za podpory finsk\u00e9ho NPC, M\u011bstsk\u00fdm \u00fa\u0159adem Sotkamo, IPC a samoz\u0159ejm\u011b za pomoci ostatn\u00edch partner\u016f a sponzor\u016f. <\/p>\n<p>Program Mistrovstv\u00ed sv\u011bta zahrnuje z\u00e1vody \u017een i mu\u017e\u016f v disciplin\u00e1ch b\u011b\u017eeck\u00e9ho ly\u017eov\u00e1n\u00ed a biatlonu kategori\u00ed zrakov\u011b posti\u017een\u00fdch a t\u011blesn\u011b handicapovan\u00fdch (sed\u00edc\u00edch a stoj\u00edc\u00edch) sportovc\u016f. Ka\u017ed\u00fd den se bude konat a\u017e \u0161est z\u00e1vod\u016f za podpory velk\u00e9ho mno\u017estv\u00ed div\u00e1k\u016f lemuj\u00edc\u00edch trat\u011b ve Vuokati. <\/p>\n<p>B\u011b\u017eeck\u00e9 ly\u017eov\u00e1n\u00ed bylo na programu ji\u017e p\u0159i prvn\u00edch Paralympijsk\u00fdch her, kter\u00e9 se konaly v roce 1976 v \u00d6rnsk\u00f6ldsviku, ve \u0160v\u00e9dsku, biatlon byl p\u0159edstaven na Paralympijsk\u00fdch hr\u00e1ch v Lillehammeru v roce 1994. Oba sporty jsou \u0159\u00edzeny prost\u0159ednictv\u00edm sekce seversk\u00e9ho ly\u017eov\u00e1n\u00ed IPC, kter\u00e1 uzp\u016fsobila pravidla ly\u017eov\u00e1n\u00ed pro handicapovan\u00e9 dle pravidel Mezin\u00e1rodn\u00ed federace ly\u017eov\u00e1n\u00ed (FIS) a Mezin\u00e1rodn\u00ed unie biatlonu (IBU). <\/p>\n<p>Za \u010ceskou republiku se \u0161ampion\u00e1tu z\u00fa\u010dastn\u00ed za t\u011blesn\u011b posti\u017een\u00e9 sportovce Karel Dvo\u0159\u00e1k a Jirka Kalousek. Oba se pokus\u00ed z\u00edskat co nejlep\u0161\u00ed um\u00edst\u011bn\u00ed v p\u011bti discipl\u00edn\u00e1ch ( biatlon &#8211; 12,5km a st\u00edhac\u00ed z\u00e1vod, b\u011b\u017eeck\u00e9 ly\u017eov\u00e1n\u00ed -20km klasicky, 10km volnou technikou, sprint klasicky). Za zrakov\u011b posti\u017een\u00e9 sportovce budeme dr\u017eet palce Mirce Sedl\u00e1\u010dkov\u00e9, kter\u00e1 nastoup\u00ed pouze k b\u011b\u017eeck\u00fdm discipl\u00edn\u00e1m ne biatlonu. <\/p>\n<p>Nejv\u00fdznamn\u011bj\u0161\u00ed ud\u00e1losti ze sout\u011b\u017e\u00ed \u0161ampion\u00e1tu budou vys\u00edl\u00e1ny prost\u0159ednictv\u00edm internetov\u00e9ho kan\u00e1lu IPC ParalympicSport.TV na webov\u00fdch str\u00e1nk\u00e1ch <a href=\"http:\/\/email.seznam.cz\/redir?hashId=4145073047&#038;to=http%3a%2f%2fwww%2eParalympicSport%2etv\">www.ParalympicSport.tv <\/a><\/p>\n<p>V\u00edce informac\u00ed o \u0161ampion\u00e1tu na str\u00e1nk\u00e1ch <a href=\"http:\/\/email.seznam.cz\/redir?hashId=4145073047&#038;to=http%3a%2f%2fwww%2eparalympic%2eorg%2frelease%2fWinter%5fSports%2fNordic%5fSkiing%2f\">http:\/\/www.paralympic.org\/release\/Winter_Sports\/Nordic_Skiing\/ <\/a> a na <a href=\"http:\/\/email.seznam.cz\/redir?hashId=4145073047&#038;to=http%3a%2f%2fwww%2eipcvuokatti2009%2enet\">www.ipcvuokatti2009.net <\/a><\/p>\n","protected":false},"excerpt":{"rendered":"<a href=\"https:\/\/www.caths.cz\/wordpress\/v-patek-bude-slavnostne-zahajeno-mistrovstvi-sveta-v-bezeckem-lyzovani-a-biatlonu\/\"><img loading=\"lazy\" decoding=\"async\" width=\"100\" height=\"100\" src=\"https:\/\/www.caths.cz\/wordpress\/wp-content\/plugins\/thumbnail-for-excerpts\/tfe_no_thumb.png\" class=\"alignleft wp-post-image tfe\" alt=\"\" title=\"\" \/><\/a><p>Od 23.ledna do 1.\u00fanora 2009 se ve finsk\u00e9m Vuokati bude konat Mistrovstv\u00ed sv\u011bta v biatlonu a b\u011b\u017eeck\u00e9m ly\u017eov\u00e1n\u00ed. P\u0159es 100 sportovc\u016f z 20 zem\u00ed bude sout\u011b\u017eit v obou druz\u00edch sport\u016f. [&hellip;]<\/p>\n","protected":false},"author":1,"featured_media":0,"comment_status":"closed","ping_status":"closed","sticky":false,"template":"","format":"standard","meta":{"ngg_post_thumbnail":0,"footnotes":""},"categories":[38],"tags":[],"class_list":["post-937","post","type-post","status-publish","format-standard","hentry","category-bezecke-lyzovani"],"_links":{"self":[{"href":"https:\/\/www.caths.cz\/wordpress\/wp-json\/wp\/v2\/posts\/937","targetHints":{"allow":["GET"]}}],"collection":[{"href":"https:\/\/www.caths.cz\/wordpress\/wp-json\/wp\/v2\/posts"}],"about":[{"href":"https:\/\/www.caths.cz\/wordpress\/wp-json\/wp\/v2\/types\/post"}],"author":[{"embeddable":true,"href":"https:\/\/www.caths.cz\/wordpress\/wp-json\/wp\/v2\/users\/1"}],"replies":[{"embeddable":true,"href":"https:\/\/www.caths.cz\/wordpress\/wp-json\/wp\/v2\/comments?post=937"}],"version-history":[{"count":0,"href":"https:\/\/www.caths.cz\/wordpress\/wp-json\/wp\/v2\/posts\/937\/revisions"}],"wp:attachment":[{"href":"https:\/\/www.caths.cz\/wordpress\/wp-json\/wp\/v2\/media?parent=937"}],"wp:term":[{"taxonomy":"category","embeddable":true,"href":"https:\/\/www.caths.cz\/wordpress\/wp-json\/wp\/v2\/categories?post=937"},{"taxonomy":"post_tag","embeddable":true,"href":"https:\/\/www.caths.cz\/wordpress\/wp-json\/wp\/v2\/tags?post=937"}],"curies":[{"name":"wp","href":"https:\/\/api.w.org\/{rel}","templated":true}]}}