{"id":936,"date":"2009-01-23T03:24:02","date_gmt":"2009-01-23T02:24:02","guid":{"rendered":"http:\/\/www.caths.cz\/wordpress\/?p=936"},"modified":"2009-01-23T03:24:02","modified_gmt":"2009-01-23T02:24:02","slug":"5-otazek-pro-trenera-bezeckeho-lyzovani-jana-havlicka","status":"publish","type":"post","link":"https:\/\/www.caths.cz\/wordpress\/5-otazek-pro-trenera-bezeckeho-lyzovani-jana-havlicka\/","title":{"rendered":"5 ot\u00e1zek pro tren\u00e9ra b\u011b\u017eeck\u00e9ho ly\u017eov\u00e1n\u00ed Jana Havl\u00ed\u010dka"},"content":{"rendered":"<p><strong>1. Koho jsi nominoval na leto\u0161n\u00ed mistrovstv\u00ed sv\u011bta?<\/strong> <\/p>\n<p> O b\u011b\u017eeck\u00e9 ly\u017eov\u00e1n\u00ed maj\u00ed z\u00e1jem dva sportovci \u2013 Karel Dvo\u0159\u00e1k a Jirka Kalousek a ti tak\u00e9 na MS jedou. <\/p>\n<p> <strong>2. V jak\u00fdch discipl\u00edn\u00e1ch budou na\u0161i b\u011b\u017eci z\u00e1vodit?<\/strong> <\/p>\n<p> Na MS je \u010dek\u00e1 20 km klasicky, 10 km volnou technikou, sprint klasickou technikou. Pro leto\u0161n\u00ed rok jsme si p\u0159idali tak\u00e9 biatlon, co\u017e budou dva z\u00e1vody. To v\u0161e v 7 dnech bude p\u011bkn\u00fd z\u00e1b\u011br pro v\u0161echny. <\/p>\n<p> <strong>3. Jak\u00e9 jsou \u0161ance na\u0161ich reprezentant\u016f na \u00fasp\u011bch?<\/strong> <\/p>\n<p> B\u011b\u017eeck\u00e9 ly\u017eov\u00e1n\u00ed v \u010cATHS je velmi mlad\u00fd sport, z\u00e1vodn\u00edci se mu v\u011bnuj\u00ed kr\u00e1tce. P\u0159ed dv\u011bmi lety byl \u00fasp\u011bchem prvn\u00ed bod ve sv\u011btov\u00e9m poh\u00e1ru, vloni bychom za ne\u00fasp\u011bch pova\u017eovali nebodovat v n\u011bkter\u00e9m z\u00e1vod\u011b. Letos bude pro n\u00e1s nov\u00fd biatlon a i zde bychom cht\u011bli udr\u017eet bodovan\u00e9 um\u00edst\u011bn\u00ed v ka\u017ed\u00e9m z\u00e1vod\u011b u obou z\u00e1vodn\u00edk\u016f. V\u00edm, \u017ee to zn\u00ed jako alibistick\u00fd c\u00edl, ale stabilita ur\u010dit\u00e9 v\u00fdkonosti bude pro n\u00e1s ukazatelem, \u017ee v tak mal\u00e9 z\u00e1kladn\u011b jdeme spr\u00e1vn\u00fdm sm\u011brem. <\/p>\n<p> <strong>4. Ji\u0159\u00ed Kalousek je dlouholet\u00fd a \u00fasp\u011b\u0161n\u00fd cyklistick\u00fd reprezentant, mimo jin\u00e9 5. na MS v Aigle z roku 2006. Jak dlouho trvalo ne\u017e se z n\u011bho stal &#8222;be\u017eka\u0159&#8220;?<\/strong><\/p>\n<p> Jirka na b\u011b\u017ek\u00e1ch jezdil p\u0159\u00edle\u017eitostn\u011b i d\u0159\u00edve b\u011bhem zimn\u00ed p\u0159\u00edpravy. Rozhodn\u011b nem\u011bl probl\u00e9m s volnou technikou, bylo jen nutn\u00e9 se zam\u011b\u0159it na n\u00e1cvik techniky, rovnov\u00e1hy, prodlou\u017eit skluz. Funk\u010dn\u00ed parametry m\u00e1 pro tento sport dobr\u00e9.<\/p>\n<p> Leto\u0161n\u00ed sezonu za\u010dal tak\u00e9 s klasick\u00fdm ly\u017eov\u00e1n\u00edm. Po prvn\u00edch tr\u00e9ninc\u00edch, kter\u00e9 protrp\u011bl a pova\u017eoval za trest se v\u0161ak propracoval do pocit\u016f, \u017ee 30 km v\u00fdlet klasicky po t\u00e1hl\u00fdch rovin\u00e1ch a stoup\u00e1n\u00edch v Jizerk\u00e1ch je \u00fa\u017easn\u00fd z\u00e1\u017eitek \/ uv\u011bdomme si, \u017ee nem\u016f\u017ee jet soupa\u017e \/. Technicky je st\u00e1le co zlep\u0161ovat, v t\u011b\u017ek\u00fdch z\u00e1vodech to snad dot\u00e1hne fyzi\u010dkou.<\/p>\n<p> <strong>5. S jak\u00fdmi c\u00edli odj\u00ed\u017ed\u00edte na MS a jak\u00e9 um\u00edst\u011bn\u00ed bude\u0161 pova\u017eovat za \u00fasp\u011bch na\u0161\u00ed v\u00fdpravy? <\/strong><\/p>\n<p> C\u00edle nem\u00e1me vysok\u00e9, ale velmi by mne pot\u011b\u0161ilo zv\u00fd\u0161en\u00ed bodov\u00e9ho zisku oproti lo\u0148sk\u00fdm v\u00fdsledk\u016fm a u ka\u017ed\u00e9ho alespo\u0148 jeden z\u00e1vod pod hranic\u00ed nominace na paralympijsk\u00e9 hry, tzn. V prvn\u00ed polovin\u011b z\u00e1vodn\u00edho pole.<\/p>\n","protected":false},"excerpt":{"rendered":"<a href=\"https:\/\/www.caths.cz\/wordpress\/5-otazek-pro-trenera-bezeckeho-lyzovani-jana-havlicka\/\"><img loading=\"lazy\" decoding=\"async\" width=\"100\" height=\"100\" src=\"https:\/\/www.caths.cz\/wordpress\/wp-content\/plugins\/thumbnail-for-excerpts\/tfe_no_thumb.png\" class=\"alignleft wp-post-image tfe\" alt=\"\" title=\"\" \/><\/a><p>1. Koho jsi nominoval na leto\u0161n\u00ed mistrovstv\u00ed sv\u011bta? O b\u011b\u017eeck\u00e9 ly\u017eov\u00e1n\u00ed maj\u00ed z\u00e1jem dva sportovci \u2013 Karel Dvo\u0159\u00e1k a Jirka Kalousek a ti tak\u00e9 na MS jedou. 2. V jak\u00fdch [&hellip;]<\/p>\n","protected":false},"author":1,"featured_media":0,"comment_status":"closed","ping_status":"closed","sticky":false,"template":"","format":"standard","meta":{"ngg_post_thumbnail":0,"footnotes":""},"categories":[16],"tags":[],"class_list":["post-936","post","type-post","status-publish","format-standard","hentry","category-rozhovory"],"_links":{"self":[{"href":"https:\/\/www.caths.cz\/wordpress\/wp-json\/wp\/v2\/posts\/936","targetHints":{"allow":["GET"]}}],"collection":[{"href":"https:\/\/www.caths.cz\/wordpress\/wp-json\/wp\/v2\/posts"}],"about":[{"href":"https:\/\/www.caths.cz\/wordpress\/wp-json\/wp\/v2\/types\/post"}],"author":[{"embeddable":true,"href":"https:\/\/www.caths.cz\/wordpress\/wp-json\/wp\/v2\/users\/1"}],"replies":[{"embeddable":true,"href":"https:\/\/www.caths.cz\/wordpress\/wp-json\/wp\/v2\/comments?post=936"}],"version-history":[{"count":0,"href":"https:\/\/www.caths.cz\/wordpress\/wp-json\/wp\/v2\/posts\/936\/revisions"}],"wp:attachment":[{"href":"https:\/\/www.caths.cz\/wordpress\/wp-json\/wp\/v2\/media?parent=936"}],"wp:term":[{"taxonomy":"category","embeddable":true,"href":"https:\/\/www.caths.cz\/wordpress\/wp-json\/wp\/v2\/categories?post=936"},{"taxonomy":"post_tag","embeddable":true,"href":"https:\/\/www.caths.cz\/wordpress\/wp-json\/wp\/v2\/tags?post=936"}],"curies":[{"name":"wp","href":"https:\/\/api.w.org\/{rel}","templated":true}]}}