{"id":933,"date":"2009-02-04T20:54:12","date_gmt":"2009-02-04T19:54:12","guid":{"rendered":"http:\/\/www.caths.cz\/wordpress\/?p=933"},"modified":"2009-02-04T20:54:12","modified_gmt":"2009-02-04T19:54:12","slug":"5-otazek-pro-reprezentacni-trenerku-lyzovani-petru-syrovatkovou","status":"publish","type":"post","link":"https:\/\/www.caths.cz\/wordpress\/5-otazek-pro-reprezentacni-trenerku-lyzovani-petru-syrovatkovou\/","title":{"rendered":"5 ot\u00e1zek pro reprezenta\u010dn\u00ed tren\u00e9rku ly\u017eov\u00e1n\u00ed &#8211; Petru Syrov\u00e1tkovou"},"content":{"rendered":"<p align=\"justify\"> <strong><font color=\"#0066CC\">1. MS v Korei se z\u00fa\u010dastn\u00ed trojice ly\u017ea\u0159\u016f &#8211; Loska, Kozlovsk\u00fd, Jel\u00ednek. V jak\u00fdch discipl\u00edn\u00e1ch pojedou?<\/font><\/strong><\/p>\n<p> Standa Loska a Radim Kozlovsk\u00fd pojedou slalom, ob\u0159\u00ed slalom, super kombinaci (SG+ SL) a superob\u0159\u00ed slalom (budou tedy startovat ve v\u0161ech discipl\u00edn\u00e1ch, mimo sjezdu). Olda Jel\u00ednek m\u00e1 zat\u00edm vyjet\u00e9 body pro \u00fa\u010dast v to\u010div\u00fdch discipl\u00edn\u00e1ch \u2013 slalomu a ob\u0159\u00edm slalomu.<\/p>\n<p> <strong><font color=\"#0066CC\">2. Ve kter\u00fdch discipl\u00edn\u00e1m maj\u00ed nejv\u011bt\u0161\u00ed \u0161ance na \u00fasp\u011bch?<\/font><\/strong><\/p>\n<p> Standa Loska se specializuje p\u0159edev\u0161\u00edm na to\u010div\u00e9 discipl\u00edny a nejv\u011bt\u0161\u00ed nad\u011bji na \u00fasp\u011bch m\u00e1 ur\u010dit\u011b ve slalomu a bez \u0161ance nen\u00ed ani v ob\u0159\u00edm slalomu, Radim Kozlovsk\u00fd naopak d\u00e1v\u00e1 p\u0159ednost rychlosti a usp\u011bt by mohl v superob\u0159\u00edm slalomu, Olda Jel\u00ednek se bude sna\u017eit prosadit ve slalomech.<\/p>\n<p> <strong><font color=\"#0066CC\">3. Jakou m\u011bli z\u00e1vodn\u00edci sez\u00f3nu?<\/font><\/strong><\/p>\n<p> Za\u010d\u00e1tek sezony se p\u0159\u00edli\u0161 nevyda\u0159il. Radim se zranil t\u011bsn\u011b p\u0159ed za\u010d\u00e1tkem evropsk\u00e9ho poh\u00e1ru a prvn\u00ed leto\u0161n\u00ed z\u00e1vod ho \u010dek\u00e1 p\u0159\u00ed\u0161t\u00ed t\u00fdden v Rokytnici nad Jizerou. Standa m\u011bl tak\u00e9 zdravotn\u00ed probl\u00e9my, na prvn\u00edm EP se mu neda\u0159ilo a ve druh\u00e9m nestartoval. Olda odjel ob\u011b prvn\u00ed kola EP a bodov\u011b si oproti lo\u0148sku m\u00edrn\u011b polep\u0161il, ale na start na MS v super ob\u0159\u00edm slalomu to st\u00e1le nesta\u010d\u00ed.<\/p>\n<p> <strong><font color=\"#0066CC\">4. Jak bude vypadat z\u00e1v\u011bre\u010dn\u00e1 \u010d\u00e1st p\u0159\u00edpravy reprezenta\u010dn\u00edho t\u00fdmu?<\/font><\/strong><\/p>\n<p> Kluci te\u010f vyu\u017e\u00edvaj\u00ed dobr\u00fdch sn\u011bhov\u00fdch podm\u00ednek u n\u00e1s a tr\u00e9nuj\u00ed pobl\u00ed\u017e sv\u00fdch domov\u016f se sv\u00fdmi osobn\u00edmi tren\u00e9ry. Spole\u010dn\u011b se sejdeme 29.-31.1. v Rokytnici nad Jizerou.<\/p>\n<p> <strong><font color=\"#0066CC\">5. S jak\u00fdm c\u00edlem bude\u0161 odl\u00e9tat do Korei Ty a jak\u00fd v\u00fdsledek bys pova\u017eovala za \u00fasp\u011bch?<\/font><\/strong><\/p>\n<p> Radim a Standa se budou pokou\u0161et zajet v n\u011bkter\u00e9 z discipl\u00edn do 8. m\u00edsta a zajistit si tak finance pro p\u0159\u00edpravu na paralympi\u00e1du, ale v konkurenci z\u00e1vodn\u00edk\u016f, kte\u0159\u00ed se ly\u017eov\u00e1n\u00ed v\u011bnuj\u00ed zcela profesion\u00e1ln\u011b, to bude velmi t\u011b\u017ek\u00e9. Old\u016fv c\u00edl je dostat se na paralympi\u00e1du, to znamen\u00e1 um\u00edstit se do 16. m\u00edsta a &#189; startovn\u00edho pole. A m\u00fdm c\u00edlem je ud\u011blat v\u0161e pro to, aby se kluk\u016fm poda\u0159ilo. Za \u00fasp\u011bch budu pova\u017eovat ka\u017ed\u00e9 um\u00edst\u011bn\u00ed do \u0161estn\u00e1ctky.<\/p>\n<p> <img decoding=\"async\" src=\"\/wordpress\/image\/k_clankum\/paraolympiada 066.jpg\"> <\/p>\n<p> <img decoding=\"async\" src=\"\/wordpress\/image\/k_clankum\/paraolympiada 068.jpg\"> <\/p>\n","protected":false},"excerpt":{"rendered":"<a href=\"https:\/\/www.caths.cz\/wordpress\/5-otazek-pro-reprezentacni-trenerku-lyzovani-petru-syrovatkovou\/\"><img loading=\"lazy\" decoding=\"async\" width=\"100\" height=\"100\" src=\"https:\/\/www.caths.cz\/wordpress\/wp-content\/plugins\/thumbnail-for-excerpts\/tfe_no_thumb.png\" class=\"alignleft wp-post-image tfe\" alt=\"\" title=\"\" \/><\/a><p>1. MS v Korei se z\u00fa\u010dastn\u00ed trojice ly\u017ea\u0159\u016f &#8211; Loska, Kozlovsk\u00fd, Jel\u00ednek. V jak\u00fdch discipl\u00edn\u00e1ch pojedou? Standa Loska a Radim Kozlovsk\u00fd pojedou slalom, ob\u0159\u00ed slalom, super kombinaci (SG+ SL) a [&hellip;]<\/p>\n","protected":false},"author":1,"featured_media":0,"comment_status":"closed","ping_status":"closed","sticky":false,"template":"","format":"standard","meta":{"ngg_post_thumbnail":0,"footnotes":""},"categories":[16],"tags":[],"class_list":["post-933","post","type-post","status-publish","format-standard","hentry","category-rozhovory"],"_links":{"self":[{"href":"https:\/\/www.caths.cz\/wordpress\/wp-json\/wp\/v2\/posts\/933","targetHints":{"allow":["GET"]}}],"collection":[{"href":"https:\/\/www.caths.cz\/wordpress\/wp-json\/wp\/v2\/posts"}],"about":[{"href":"https:\/\/www.caths.cz\/wordpress\/wp-json\/wp\/v2\/types\/post"}],"author":[{"embeddable":true,"href":"https:\/\/www.caths.cz\/wordpress\/wp-json\/wp\/v2\/users\/1"}],"replies":[{"embeddable":true,"href":"https:\/\/www.caths.cz\/wordpress\/wp-json\/wp\/v2\/comments?post=933"}],"version-history":[{"count":0,"href":"https:\/\/www.caths.cz\/wordpress\/wp-json\/wp\/v2\/posts\/933\/revisions"}],"wp:attachment":[{"href":"https:\/\/www.caths.cz\/wordpress\/wp-json\/wp\/v2\/media?parent=933"}],"wp:term":[{"taxonomy":"category","embeddable":true,"href":"https:\/\/www.caths.cz\/wordpress\/wp-json\/wp\/v2\/categories?post=933"},{"taxonomy":"post_tag","embeddable":true,"href":"https:\/\/www.caths.cz\/wordpress\/wp-json\/wp\/v2\/tags?post=933"}],"curies":[{"name":"wp","href":"https:\/\/api.w.org\/{rel}","templated":true}]}}