{"id":930,"date":"2009-01-12T15:43:47","date_gmt":"2009-01-12T14:43:47","guid":{"rendered":"http:\/\/www.caths.cz\/wordpress\/?p=930"},"modified":"2009-01-12T15:43:47","modified_gmt":"2009-01-12T14:43:47","slug":"fotogalerie-jiriho-jezka-ze-zavodu-v-australii","status":"publish","type":"post","link":"https:\/\/www.caths.cz\/wordpress\/fotogalerie-jiriho-jezka-ze-zavodu-v-australii\/","title":{"rendered":"Fotogalerie Ji\u0159\u00edho Je\u017eka ze z\u00e1vod\u016f v Austr\u00e1lii"},"content":{"rendered":"<p align=\"justify\">\nVstup do galerie  <strong><a href=\"http:\/\/www.caths.cz\/index.php?level=album&#038;id=47\"><font color=\"#0066CC\">zde <\/font><\/a><\/strong>. Foto: So\u0148a Je\u017ekov\u00e1<\/p>\n","protected":false},"excerpt":{"rendered":"<a href=\"https:\/\/www.caths.cz\/wordpress\/fotogalerie-jiriho-jezka-ze-zavodu-v-australii\/\"><img loading=\"lazy\" decoding=\"async\" width=\"100\" height=\"100\" src=\"https:\/\/www.caths.cz\/wordpress\/wp-content\/plugins\/thumbnail-for-excerpts\/tfe_no_thumb.png\" class=\"alignleft wp-post-image tfe\" alt=\"\" title=\"\" \/><\/a><p>Vstup do galerie zde . Foto: So\u0148a Je\u017ekov\u00e1<\/p>\n","protected":false},"author":1,"featured_media":0,"comment_status":"closed","ping_status":"closed","sticky":false,"template":"","format":"standard","meta":{"ngg_post_thumbnail":0,"footnotes":""},"categories":[2],"tags":[],"class_list":["post-930","post","type-post","status-publish","format-standard","hentry","category-cyklistika"],"_links":{"self":[{"href":"https:\/\/www.caths.cz\/wordpress\/wp-json\/wp\/v2\/posts\/930","targetHints":{"allow":["GET"]}}],"collection":[{"href":"https:\/\/www.caths.cz\/wordpress\/wp-json\/wp\/v2\/posts"}],"about":[{"href":"https:\/\/www.caths.cz\/wordpress\/wp-json\/wp\/v2\/types\/post"}],"author":[{"embeddable":true,"href":"https:\/\/www.caths.cz\/wordpress\/wp-json\/wp\/v2\/users\/1"}],"replies":[{"embeddable":true,"href":"https:\/\/www.caths.cz\/wordpress\/wp-json\/wp\/v2\/comments?post=930"}],"version-history":[{"count":0,"href":"https:\/\/www.caths.cz\/wordpress\/wp-json\/wp\/v2\/posts\/930\/revisions"}],"wp:attachment":[{"href":"https:\/\/www.caths.cz\/wordpress\/wp-json\/wp\/v2\/media?parent=930"}],"wp:term":[{"taxonomy":"category","embeddable":true,"href":"https:\/\/www.caths.cz\/wordpress\/wp-json\/wp\/v2\/categories?post=930"},{"taxonomy":"post_tag","embeddable":true,"href":"https:\/\/www.caths.cz\/wordpress\/wp-json\/wp\/v2\/tags?post=930"}],"curies":[{"name":"wp","href":"https:\/\/api.w.org\/{rel}","templated":true}]}}