{"id":928,"date":"2009-01-09T12:49:50","date_gmt":"2009-01-09T11:49:50","guid":{"rendered":"http:\/\/www.caths.cz\/wordpress\/?p=928"},"modified":"2009-01-09T12:49:50","modified_gmt":"2009-01-09T11:49:50","slug":"strelec-marcan-obsadil-v-soutezi-bez-rozdilu-kategorii-3-misto","status":"publish","type":"post","link":"https:\/\/www.caths.cz\/wordpress\/strelec-marcan-obsadil-v-soutezi-bez-rozdilu-kategorii-3-misto\/","title":{"rendered":"St\u0159elec Mar\u010dan obsadil v sout\u011b\u017ei bez rozd\u00edlu kategori\u00ed 3. m\u00edsto"},"content":{"rendered":"<p align=\"justify\">\nSportovn\u00ed st\u0159elec Vladim\u00edr Mar\u010dan ze VzPi nast\u0159\u00edlel na sout\u011b\u017ei konan\u00e9 4.1.2009 v Poli\u010dn\u00e9 bez rozd\u00edlu kategori\u00ed vynikaj\u00edc\u00ed v\u00fdsledek 556 bod\u016f a obsadil celkov\u00e9 3.m\u00edsto.<\/p>\n","protected":false},"excerpt":{"rendered":"<a href=\"https:\/\/www.caths.cz\/wordpress\/strelec-marcan-obsadil-v-soutezi-bez-rozdilu-kategorii-3-misto\/\"><img loading=\"lazy\" decoding=\"async\" width=\"100\" height=\"100\" src=\"https:\/\/www.caths.cz\/wordpress\/wp-content\/plugins\/thumbnail-for-excerpts\/tfe_no_thumb.png\" class=\"alignleft wp-post-image tfe\" alt=\"\" title=\"\" \/><\/a><p>Sportovn\u00ed st\u0159elec Vladim\u00edr Mar\u010dan ze VzPi nast\u0159\u00edlel na sout\u011b\u017ei konan\u00e9 4.1.2009 v Poli\u010dn\u00e9 bez rozd\u00edlu kategori\u00ed vynikaj\u00edc\u00ed v\u00fdsledek 556 bod\u016f a obsadil celkov\u00e9 3.m\u00edsto.<\/p>\n","protected":false},"author":1,"featured_media":0,"comment_status":"closed","ping_status":"closed","sticky":false,"template":"","format":"standard","meta":{"ngg_post_thumbnail":0,"footnotes":""},"categories":[18],"tags":[],"class_list":["post-928","post","type-post","status-publish","format-standard","hentry","category-strelba"],"_links":{"self":[{"href":"https:\/\/www.caths.cz\/wordpress\/wp-json\/wp\/v2\/posts\/928","targetHints":{"allow":["GET"]}}],"collection":[{"href":"https:\/\/www.caths.cz\/wordpress\/wp-json\/wp\/v2\/posts"}],"about":[{"href":"https:\/\/www.caths.cz\/wordpress\/wp-json\/wp\/v2\/types\/post"}],"author":[{"embeddable":true,"href":"https:\/\/www.caths.cz\/wordpress\/wp-json\/wp\/v2\/users\/1"}],"replies":[{"embeddable":true,"href":"https:\/\/www.caths.cz\/wordpress\/wp-json\/wp\/v2\/comments?post=928"}],"version-history":[{"count":0,"href":"https:\/\/www.caths.cz\/wordpress\/wp-json\/wp\/v2\/posts\/928\/revisions"}],"wp:attachment":[{"href":"https:\/\/www.caths.cz\/wordpress\/wp-json\/wp\/v2\/media?parent=928"}],"wp:term":[{"taxonomy":"category","embeddable":true,"href":"https:\/\/www.caths.cz\/wordpress\/wp-json\/wp\/v2\/categories?post=928"},{"taxonomy":"post_tag","embeddable":true,"href":"https:\/\/www.caths.cz\/wordpress\/wp-json\/wp\/v2\/tags?post=928"}],"curies":[{"name":"wp","href":"https:\/\/api.w.org\/{rel}","templated":true}]}}