{"id":925,"date":"2009-01-06T16:51:57","date_gmt":"2009-01-06T15:51:57","guid":{"rendered":"http:\/\/www.caths.cz\/wordpress\/?p=925"},"modified":"2009-01-06T16:51:57","modified_gmt":"2009-01-06T15:51:57","slug":"5-otazek-pro-paralympijskeho-viteze-v-lukostrelbe-davida-drahoninskeho","status":"publish","type":"post","link":"https:\/\/www.caths.cz\/wordpress\/5-otazek-pro-paralympijskeho-viteze-v-lukostrelbe-davida-drahoninskeho\/","title":{"rendered":"5 ot\u00e1zek pro paralympijsk\u00e9ho v\u00edt\u011bze v lukost\u0159elb\u011b, Davida Drahon\u00ednsk\u00e9ho"},"content":{"rendered":"<p align=\"justify\">\nLeto\u0161n\u00ed rok je pro na\u0161e lukost\u0159eleck\u00e9 reprezentanty zvl\u00e1\u0161t\u011b v\u00fdznamn\u00fd, mistrovstv\u00ed sv\u011bta v tomto n\u00e1dhern\u00e9m sportu se toti\u017e uskute\u010dn\u00ed v \u010cesk\u00e9 <\/p>\n<p>republice, pod patronac\u00ed \u010cATHS, kdy\u017e hlavn\u00edm po\u0159adatelem a organiz\u00e1torem cel\u00e9 akce bude SK Nov\u00e9 M\u011bsto nad Metuj\u00ed.<br \/>\nB\u011bhem v\u00e1no\u010dn\u00edch sv\u00e1tk\u016f  jsme na ve\u0159ejn\u00fdch lukost\u0159eleck\u00fdch z\u00e1vodech potkali paralympijsk\u00e9ho v\u00edt\u011bze z Pekingu a na\u0161eho v sou\u010dasnosti <\/p>\n<p>nejlep\u0161\u00edho lukost\u0159elce \u2013 Davida Drahon\u00ednsk\u00e9ho. Polo\u017eili jsme mu tedy ji\u017e tradi\u010dn\u00edch 5 ot\u00e1zek&#8230;<\/p>\n<p align=\"justify\"> <strong> 1. Dave, zlat\u00e1 medaile z Pekingu je zat\u00edm Tv\u00fdm nejv\u011bt\u0161\u00edm sportovn\u00edm \u00fasp\u011bchem. Kolik je za n\u00ed pr\u00e1ce?<\/strong><\/p>\n<p> Na tuhle ot\u00e1zku by mohlo odpov\u011bd\u011bt hodn\u011b lid\u00ed, jeliko\u017e na t\u00e9 dlouh\u00e9 cest\u011b a\u017e ke zlatu z Pekingu, mi pom\u00e1halo mnoho lid\u00ed, ale samoz\u0159ejm\u011b nejv\u00edc bylo na m\u011b. Ka\u017edop\u00e1dn\u011b, za tou prac\u00ed se skr\u00fdvaj\u00ed hodiny v posilovn\u011b, hodiny na st\u0159elnici, hodiny rehabillitace a taky jsem si musel ujasnit moje priority, ale to si mus\u00ed ka\u017ed\u00fd \u010dlov\u011bk ve sv\u00e9m \u017eivot\u011b \u0159\u00edct, co chce a pak to d\u011blat. J\u00e1 jsem lukost\u0159elb\u011b ob\u011btoval v\u0161e, ale jsem r\u00e1d, \u017ee ta pr\u00e1ce nebyla zbyte\u010dn\u00e1 a \u017ee to v Pekingu zacinkalo, proto\u017ee je to i odm\u011bna pro v\u0161echny lidi\u010dky, kte\u0159\u00ed mi pom\u00e1hali p\u0159i p\u0159\u00edprav\u011b.<\/p>\n<p> <strong> 2. Paralympijsk\u00fd z\u00e1vod v lukost\u0159elb\u011b je velmi dlouh\u00fd a fyzicky i psychicky nesm\u00edrn\u011b n\u00e1ro\u010dn\u00fd. Popi\u0161 pros\u00edm, jak jsi jednotliv\u00e9 dny sout\u011b\u017ee vn\u00edmal. <\/strong><\/p>\n<p> Je to mazec. Nikdy jsem je\u0161t\u011b nic psychicky n\u00e1ro\u010dn\u011bj\u0161\u00edho neabsolvoval a to u\u017e m\u00e1m za sebou t\u0159i mistrovstv\u00ed sv\u011bta a jedno dv\u011b mistrovstv\u00ed Evropy. P\u0159ed odjezdem v\u0161e ob\u011btujete p\u0159\u00edprav\u011b a vlastn\u011b se potk\u00e1v\u00e1te jen s lidmi na st\u0159elnici, nebo na rehabilitaci a ve voln\u00e9m \u010dase jste r\u00e1di, \u017ee si m\u016f\u017eete odpo\u010dinout, na chvilku se nat\u00e1hnout a pustit si n\u011bjakou hudbu. V\u0161ichni ve va\u0161em okol\u00ed se v\u00e1s ptaj\u00ed, jak to vid\u00edte a na co se c\u00edt\u00edte. U\u017e tohle je hrozn\u011b n\u00e1ro\u010dn\u00e9.<br \/> Pak absolvujete cestu do Pekingu, kde jsou ve v\u00fdprav\u011b ji\u017e ost\u0159\u00edlen\u00ed borci a vy jste tam jako benjam\u00ednek nov\u00fd, v\u0161echno hlt\u00e1te pln\u00fdmi dou\u0161ky, prost\u011b je to n\u011bco, co jste nikdy neza\u017eili a t\u011b\u0161\u00edte se na to. P\u0159ijedete do vesnice a tam vid\u00edte v\u0161e bezbari\u00e9rov\u00e9, p\u0159ipraven\u00e9, v\u0161ude ochotn\u00ed lid\u00e9 a v tu chv\u00edli z v\u00e1s v\u0161echno spadne a \u0159\u00edk\u00e1te si, \u017ee je super, \u017ee tu m\u016f\u017eete b\u00fdt, \u017ee jste se sem kvalifikoval a to u\u017e je \u00fasp\u011bch a n\u011bjak\u00e1 medaile by byla super a m\u00e1te strach, co kdy\u017e \u017e\u00e1dn\u00e1 nebude, jak to pak zvl\u00e1dnete psychicky? <br \/> Ve vesnici denn\u011b potk\u00e1v\u00e1te spoustu lid\u00ed s r\u016fzn\u00fdm posti\u017een\u00edm, prost\u011b kr\u00e1sn\u00fd pocit. Pak p\u0159ijdou tr\u00e9ninky a vy se pomalinku zase dost\u00e1v\u00e1te do takov\u00e9 zvl\u00e1\u0161tn\u00ed atmosf\u00e9ry a den, kdy m\u00e1te prodat tu n\u011bkolikaletou p\u0159\u00edpravu se bl\u00ed\u017e\u00ed. Chodil jsem tr\u00e9novat dopoledne ale i odpoledne, kdy\u017e bylo neskute\u010dn\u00e9 vedro, kter\u00e9 nem\u00e1m r\u00e1d a \u0161patn\u011b ho s m\u00fdm posti\u017een\u00edm sn\u00e1\u0161\u00edm, ale moje kvalifikace prob\u00edhala odpoledne, a tak jsem cht\u011bl tr\u00e9novat ve vedru, ve kter\u00e9m jsem m\u011bl i z\u00e1vodit. Potom na ten m\u016fj z\u00e1vod pr\u0161elo a tak jsem se tam v tom vedru tr\u00e1pil zbyte\u010dn\u011b.<br \/> V kvalifikaci sed\u00edte 4-5hodin na jednom m\u00edst\u011b a mus\u00edte vyst\u0159elit 6 sad po 6 \u0161\u00edpech na sedmdes\u00e1t metr\u016f, potom je pauza a je\u0161t\u011b jednou to sam\u00e9. Tak \u017ee celkem 72 \u0161\u00edp\u016f, plus n\u011bjak\u00fd tr\u00e9nink p\u0159ed t\u00edm. Sna\u017eil jsem se soust\u0159edit na ka\u017ed\u00fd \u0161\u00edp, jako by byl prvn\u00ed, kter\u00fd st\u0159\u00edl\u00edm a hlavn\u011b nepo\u010d\u00edtat v\u00fdsledek.<br \/> Celou tu dobu je kolem v\u00e1s mnoho lid\u00ed a vy se m\u016f\u017eete lehce p\u0159estat koncentrovat, tak \u017ee tohle byl fakt mazec. Poslouch\u00e1te, jak v\u00e1m bije srdce, sna\u017e\u00edte se pravideln\u011b p\u00edt a hluboce d\u00fdchat a zkusit zapomenout, \u017ee jste v Pekingu a \u0159\u00edk\u00e1te si: \u201cje to stejn\u00e9 jako na st\u0159elnici v Praze\u201c &#8230; no tyhle pocity se t\u011b\u017eko popisuj\u00ed.<br \/> Kvalifikace pro m\u011b dopadla moc dob\u0159e, l\u00e9pe to dopadnout nemohlo. Postupoval jsem z prvn\u00edho m\u00edsta do vy\u0159azovac\u00edch souboj\u016f, ale to nic neznamen\u00e1, prost\u011b startujete s \u010dist\u00fdm kontem a v\u0161ichni maj\u00ed v eliminaci stejn\u00e9 \u0161ance. M\u011b \u010dekal \u0161v\u00fdcarsk\u00fd reprezentant, kter\u00e9ho zn\u00e1m a hodn\u011b spolu na z\u00e1vodech kec\u00e1me. P\u0159ijedete na st\u0159elnici, kde se st\u0159\u00edl\u00ed vy\u0159azovac\u00ed souboje. Je tam 5tis\u00edc lid\u00ed &#8211; prost\u011b hrozn\u00e9 peklo. Je to hrozn\u00e9 psycho.<br \/> St\u0159\u00edl\u00ed se 4 endy po 3 \u0161\u00edpech a to st\u0159\u00eddavou st\u0159elbou. Jeden \u0161\u00edp j\u00e1, jeden soupe\u0159, prost\u011b mazec. Sice jsem r\u00e1no sn\u00eddal, ale kdy\u017e jsem nastoupil na metu, tak jsem m\u011bl tak n\u00edzk\u00fd tlak, \u017ee bych tam sebou \u0161vihnul. Pak ale vyst\u0159el\u00edte prvn\u00ed \u0161\u00edp a prost\u011b se v\u00e1m ulev\u00ed a zjist\u00edte, \u017ee se v\u00e1m st\u0159\u00edl\u00ed stejn\u011b jako na tr\u00e9ninku v Praze, prost\u011b to let\u00ed hrotem dop\u0159edu k ter\u010di. Ale ta nervozita je hrozn\u00e1.<br \/> No a j\u00e1 mysl\u00edm, \u017ee j\u00e1 jsem docela \u0161a\u0161ek a asi mi pomohly slova tren\u00e9ra p\u0159ed t\u00edm na st\u0159elnici. Prost\u011b to nen\u00ed peklo, ale velk\u00e1 show a ty lidi cht\u011bj\u00ed vid\u011bt dobr\u00e9 st\u0159\u00edlen\u00ed a j\u00e1 se sna\u017eil jim uk\u00e1zat, \u017ee se trefujeme.<br \/> Kdy\u017e jsem vyhr\u00e1l se \u0160v\u00fdcarem, tak jsem si uv\u011bdomil, \u017ee u\u017e budu nejh\u016f\u0159 4. Pro m\u011b hrozn\u00e1 p\u0159edstava, kdy\u017e jsem na posledn\u00edm MS a ME skon\u010dil bramborov\u00fd. \u010cekaly m\u011b dva dny volna, abych o tom mohl p\u0159em\u00fd\u0161let, prost\u011b psycho. V semifin\u00e1le m\u011b \u010dekal m\u016fj finsk\u00fd kamar\u00e1d a fakt se mi proti n\u011bmu st\u0159\u00edlelo hrozn\u011b. Necht\u011bl jsem, abych byl j\u00e1 ten, kdo ho vy\u0159ad\u00ed. A hlavn\u011b, kdo prohraje, tak mus\u00ed pak bojovat o bronz a ta bramborov\u00e1 pozice v\u00e1s d\u011bs\u00ed. \u010clov\u011bk se mus\u00ed soust\u0159edit a pak, kdy\u017e jsme m\u011bli p\u0159ed posledn\u00edm \u0161\u00edpem stejn\u011b bod\u016f, tak to bylo hrozn\u00e9. Dal jsem dev\u00edtku a \u010dekal , co st\u0159el\u00ed on. Sed\u011bl jsem a hled\u011bl jsem do zem\u011b p\u0159ed voz\u00edk. Sly\u0161el jsem v\u00fdst\u0159el a ticho. V hlav\u011b mi prolet\u011bla my\u0161lenka, kdyby dal des\u00edtku, tak u\u017e ti \u010c\u00ed\u0148ani v ochozech \u0159vali a pak ten speaker \u0159ekl seven a j\u00e1 si uv\u011bdomil, \u017ee jdu do fin\u00e1le a \u017ee si dom\u016f p\u0159ivezu nejh\u016f\u0159 st\u0159\u00edbro a nemus\u00edm bojovat o bronz. \u017de klidn\u011b mohu prohr\u00e1t a m\u00e1m medaili. Ale v duchu mysl\u00edte na tu zlatou.<br \/> Pak nastoup\u00edte do fin\u00e1le a m\u00e1te pocit, \u017ee t\u011bch lid\u00ed v ochozech je tam jednou tolik. St\u0159\u00edlel jsem ve fin\u00e1le s Angli\u010danem, i kdy\u017e jsem se t\u011b\u0161il na Ameri\u010dana, kter\u00fd zastavil moji cestu za medail\u00ed v roce 2005 v It\u00e1lii na MS ve \u010dtvrtfin\u00e1le a loni v Koreji v semifin\u00e1le. M\u011bl jsem mu tedy co vracet. Ale Jeffry nepostoupil do fin\u00e1le, a tak jsem byl trochu zklaman\u00fd. Ka\u017edop\u00e1dn\u011b jsem cht\u011bl st\u0159elit co nejl\u00e9pe, a to se mi povedlo.<br \/> Jeliko\u017e jsem vyhr\u00e1l kvalifikaci, tak jsem byl nasazov\u00e1n jako jedni\u010dka a mohl si vybrat, zda chci za\u010d\u00ednat prvn\u00ed. J\u00e1 v\u017edy za\u010d\u00ednal prvn\u00ed u\u017e ve \u010dtvrtfin\u00e1le i v semifin\u00e1le a bral jsem to pro m\u011b jako v\u00fdhodu, proto\u017ee soupe\u0159 st\u0159\u00edlel m\u011bl v hlav\u011b to podv\u011bdom\u00ed, \u017ee j\u00e1 jsem u\u017e n\u011bco st\u0159elil a on mus\u00ed st\u0159elit stejn\u011b, nebo l\u00e9pe. Po prvn\u00edm endu jsme m\u011bli stejn\u011b, tak jsem pokra\u010doval i d\u00e1l j\u00e1 ve st\u0159elb\u011b, ale v druh\u00e9m endu jsem dal 10,9,9 a z\u00edskal jsem n\u00e1skok 4 bod\u016f, kter\u00fd jsem si udr\u017eel do posledn\u00edho \u0161\u00edpu, kter\u00fdm jsem musel d\u00e1t 6 bod\u016f, abych vyhr\u00e1l. Dal jsem 8b a vyhr\u00e1l.<br \/> Bylo to super a prost\u011b n\u00e1dhera, jen t\u011b\u017eko se ten pocit popisuje. Kdybych mohl, tak jsem spadl z voz\u00edku na tu zem a le\u017eel bych tam chv\u00edli a \u010dum\u011bl do nebe, ale to ne\u0161lo.<\/p>\n<p> <strong> 3. Tv\u00e1 p\u0159\u00edprava i z\u00e1vodn\u00ed kalend\u00e1\u0159 jsou pon\u011bkud odli\u0161n\u00e9 od lukost\u0159eleck\u00e9 p\u0159\u00edpravy ostatn\u00edch handicapovan\u00fdch lukost\u0159elc\u016f. V\u011bt\u0161inu z\u00e1vod\u016f, kter\u00e9 b\u011bhem roku absolvuje\u0161, tvo\u0159\u00ed z\u00e1vody lukost\u0159elc\u016f bez handicapu&#8230;<\/strong><\/p>\n<p> Ano, to je pravda. Ka\u017ed\u00e1 sez\u00f3na pro m\u011b za\u010d\u00edn\u00e1 u\u017e v listopadu, v hale. \u010cesk\u00fd lukost\u0159eleck\u00fd svaz po\u0159\u00e1d\u00e1 n\u011bkolik des\u00edtek halov\u00fdch z\u00e1vod\u016f po cel\u00e9 republice. J\u00e1 se ka\u017ed\u00fd rok \u00fa\u010dastn\u00edm minim\u00e1ln\u011b 5 a pak na z\u00e1v\u011br n\u011bkdy v b\u0159eznu prob\u00edh\u00e1 M\u010cR v hale se zdrav\u00fdmi st\u0159elci. Beru to jako skv\u011bl\u00fd tr\u00e9nink a na v\u00fdsledku mi nez\u00e1le\u017e\u00ed, ale rozhodn\u011b to v\u017edy pot\u011b\u0161\u00ed a motivuje, kdy\u017e poraz\u00edte n\u011bjak\u00e9ho &#8222;cho\u010f\u00e1ka&#8220;.<br \/> Po hale pak p\u0159ijde venkovn\u00ed sez\u00f3na a to jezd\u00edm na z\u00e1vody se zdrav\u00fdmi, proto\u017ee se tam st\u0159\u00edl\u00ed eliminace a tenhle druh z\u00e1vodu \u010dlov\u011bk pot\u0159ebuje st\u0159\u00edlet, aby zocelil nervy a hlavn\u011b se pak eliminace st\u0159\u00edl\u00ed na MS, ME a paralympi\u00e1d\u011b. Venkovn\u00edch z\u00e1vod\u016f se zdrav\u00fdmi venku absolvuji taky ka\u017ed\u00fd rok minim\u00e1ln\u011b 5.<br \/> Na lukost\u0159elb\u011b je pr\u00e1v\u011b skv\u011bl\u00e9 to, \u017ee mohu z\u00e1vodit se zdrav\u00fdmi a tak je moje p\u0159\u00edprava opravdu kvalitn\u00ed, jeliko\u017e \u010cesk\u00fd lukost\u0159eleck\u00fd svaz v \u010cR funguje a po\u0159\u00e1d\u00e1 mnoho z\u00e1vod\u016f. Kolikr\u00e1t bych mohl jet o v\u00edkendu t\u0159eba na dva z\u00e1vody.<\/p>\n<p> <strong> 4. Na st\u0159elnici jsi zn\u00e1mou a uzn\u00e1vanou osobnost\u00ed. Jak vn\u00edm\u00e1\u0161 sv\u016fj paralympijsk\u00fd \u00fasp\u011bch? Zm\u011bnilo se v Tv\u00e9m \u017eivot\u011b n\u011bco po Pekingu?<\/strong><\/p>\n<p> J\u00e1 mysl\u00edm, \u017ee se v\u016fbec nic nezm\u011bnilo, ale na st\u0159elnici mi pom\u00e1hali lidi\u010dky u\u017e p\u0159ed Pekingem a prost\u011b \u010dlov\u011bk na nich vid\u00ed, \u017ee jsou stra\u0161n\u011b r\u00e1di, \u017ee jste vyhr\u00e1l. Kolikr\u00e1t si \u0159\u00edk\u00e1m, \u017ee j\u00e1 jsem si u\u017eil ten kr\u00e1sn\u00fd pocit v Pekingu p\u0159i ceremoni\u00e1lu, kdy\u017e jsem si broukal hymnu, ale kdy\u017e mi gratuluj\u00ed lidi\u010dky na st\u0159elnici a sami \u0159\u00edkaj\u00ed, \u017ee se v\u0161ude chlub\u00ed, \u017ee znaj\u00ed olympijsk\u00e9ho v\u00edt\u011bze, ani ne\u0159\u00edkaj\u00ed paralympijsk\u00e9ho tak to \u010dlov\u011bka zah\u0159eje, je to kr\u00e1sn\u00fd pocit.<br \/> Vlastn\u011b se ale na st\u0159elnici n\u011bco po m\u00e9m v\u00edt\u011bzstv\u00ed v Pekingu zm\u011bnilo. Je tam parkovi\u0161t\u011b, kde je \u0161t\u011brk a m\u011b se tam hrozn\u011b \u0161patn\u011b jezdilo na voz\u00ed\u010dku. Pan Vid\u00edm tam nechal ud\u011blat chodn\u00ed\u010dek p\u0159\u00edmo k m\u00edstu kde parkuji, tak \u017ee te\u010f u\u017e \u017e\u00e1dn\u00e9 hrab\u00e1n\u00ed kol ve \u0161t\u011brku, prost\u011b super. Nikdo jin\u00fd na cel\u00fdm sv\u011bt\u011b, \u017e\u00e1dn\u00fd m\u016fj soupe\u0159 nem\u00e1 tak skv\u011bl\u00e9 m\u00edsto na tr\u00e9nov\u00e1n\u00ed jako j\u00e1 a tolik super lidi\u010dek kolem, jako j\u00e1. U\u017e jen kv\u016fli tomu jsem musel vyhr\u00e1t. M\u00e1m v tomhle ohromn\u00e9 \u0161t\u011bst\u00ed, \u017ee je tam kolem m\u011b spousta skv\u011bl\u00fdch lid\u00ed, kter\u00e9 mohu po\u017e\u00e1dat o pomoc a oni mi pomohou.<br \/> N\u011bkdy v lednu by m\u011bla prob\u011bhnout beseda o Pekingu, tak douf\u00e1m, \u017ee p\u0159\u00e1tel\u00e9 zdrav\u00ed lukost\u0159elci p\u0159ijdou a j\u00e1 jim budu moc pod\u011bkovat a povypr\u00e1v\u011bt, jak to v tom Pekingu prob\u00edhalo.<\/p>\n<p> <strong> 5. Mistrovstv\u00ed sv\u011bta v roce 2009 bude v \u010cesk\u00e9 republice. Bude pro Tebe dom\u00e1c\u00ed prost\u0159ed\u00ed v\u00fdhodou, nebo se naopak bude\u0161 c\u00edtit, jako favorit sout\u011b\u017ee, pod ur\u010dit\u00fdm tlakem? <\/strong><\/p>\n<p> \u0158eknu to asi takhle, na MS se u\u017e piln\u011b p\u0159ipravuji te\u010f a t\u011b\u0161\u00edm se moc, \u017ee si budeme moci zast\u0159\u00edlet doma a snad p\u0159ijdou i fanou\u0161ci, ale hlavn\u011b tam budu startovat jako paralympijsk\u00fd v\u00edt\u011bz. J\u00e1 tam nepojedu z\u00e1vodit. T\u011b\u0161\u00edm se na lidi\u010dky ze sv\u011bta, zda se n\u011bkdo zlep\u0161il nebo n\u011bkdo nov\u00fd za\u010dal st\u0159\u00edlet a jsem zv\u011bdav jak jim to bude st\u0159\u00edlet. J\u00e1 tam pojedu s t\u00edm, \u017ee si budu cht\u00edt dob\u0159e zast\u0159\u00edlet a uk\u00e1zat sv\u011btu, \u017ee ten David Drahon\u00ednsk\u00fd st\u0159\u00edlet um\u00ed a kdy\u017e tohle dok\u00e1\u017eu, tak si ur\u010dit\u011b p\u0159ivezu n\u011bjakou medaili i z Nymburka. Ur\u010dit\u011b bych cht\u011bl tu nejz\u00e1\u0159iv\u011bj\u0161\u00ed a zase si poslechnout tu zn\u00e1mou \u010deskou p\u00edsni\u010dku, tak snad se mi to poda\u0159\u00ed.<\/p>\n<p> \/Davida Drahon\u00ednsk\u00e9ho se ptal Viktor Zapletal\/ <\/p>\n<p> <img decoding=\"async\" src=\"\/wordpress\/image\/k_clankum\/drahoninsky_beij.jpg\"> <\/p>\n","protected":false},"excerpt":{"rendered":"<a href=\"https:\/\/www.caths.cz\/wordpress\/5-otazek-pro-paralympijskeho-viteze-v-lukostrelbe-davida-drahoninskeho\/\"><img loading=\"lazy\" decoding=\"async\" width=\"100\" height=\"100\" src=\"https:\/\/www.caths.cz\/wordpress\/wp-content\/plugins\/thumbnail-for-excerpts\/tfe_no_thumb.png\" class=\"alignleft wp-post-image tfe\" alt=\"\" title=\"\" \/><\/a><p>Leto\u0161n\u00ed rok je pro na\u0161e lukost\u0159eleck\u00e9 reprezentanty zvl\u00e1\u0161t\u011b v\u00fdznamn\u00fd, mistrovstv\u00ed sv\u011bta v tomto n\u00e1dhern\u00e9m sportu se toti\u017e uskute\u010dn\u00ed v \u010cesk\u00e9 republice, pod patronac\u00ed \u010cATHS, kdy\u017e hlavn\u00edm po\u0159adatelem a organiz\u00e1torem cel\u00e9 [&hellip;]<\/p>\n","protected":false},"author":1,"featured_media":0,"comment_status":"closed","ping_status":"closed","sticky":false,"template":"","format":"standard","meta":{"ngg_post_thumbnail":0,"footnotes":""},"categories":[16],"tags":[],"class_list":["post-925","post","type-post","status-publish","format-standard","hentry","category-rozhovory"],"_links":{"self":[{"href":"https:\/\/www.caths.cz\/wordpress\/wp-json\/wp\/v2\/posts\/925","targetHints":{"allow":["GET"]}}],"collection":[{"href":"https:\/\/www.caths.cz\/wordpress\/wp-json\/wp\/v2\/posts"}],"about":[{"href":"https:\/\/www.caths.cz\/wordpress\/wp-json\/wp\/v2\/types\/post"}],"author":[{"embeddable":true,"href":"https:\/\/www.caths.cz\/wordpress\/wp-json\/wp\/v2\/users\/1"}],"replies":[{"embeddable":true,"href":"https:\/\/www.caths.cz\/wordpress\/wp-json\/wp\/v2\/comments?post=925"}],"version-history":[{"count":0,"href":"https:\/\/www.caths.cz\/wordpress\/wp-json\/wp\/v2\/posts\/925\/revisions"}],"wp:attachment":[{"href":"https:\/\/www.caths.cz\/wordpress\/wp-json\/wp\/v2\/media?parent=925"}],"wp:term":[{"taxonomy":"category","embeddable":true,"href":"https:\/\/www.caths.cz\/wordpress\/wp-json\/wp\/v2\/categories?post=925"},{"taxonomy":"post_tag","embeddable":true,"href":"https:\/\/www.caths.cz\/wordpress\/wp-json\/wp\/v2\/tags?post=925"}],"curies":[{"name":"wp","href":"https:\/\/api.w.org\/{rel}","templated":true}]}}