{"id":924,"date":"2009-01-06T00:58:12","date_gmt":"2009-01-05T23:58:12","guid":{"rendered":"http:\/\/www.caths.cz\/wordpress\/?p=924"},"modified":"2009-01-06T00:58:12","modified_gmt":"2009-01-05T23:58:12","slug":"jana-fesslova-bude-hazet-za-ceske-budejovice","status":"publish","type":"post","link":"https:\/\/www.caths.cz\/wordpress\/jana-fesslova-bude-hazet-za-ceske-budejovice\/","title":{"rendered":"Jana Fesslov\u00e1 bude h\u00e1zet za \u010cesk\u00e9 Bud\u011bjovice"},"content":{"rendered":"<p align=\"justify\">\nV \u010cesk\u00fdch Bud\u011bjovic\u00edch by cht\u011bl \u017e\u00edt ka\u017ed\u00fd&#8230; Tento v\u00fdrok u\u017e p\u0159ed mnoha lety zve\u0159ejnil g\u00e9nius J\u00e1ra Cimrman. Nyn\u00ed jeho proroctv\u00ed napl\u0148uje i medailistka z leto\u0161n\u00ed paralympi\u00e1dy v Pekingu, dr\u017eitelka bronzov\u00e9 medaile v hodu diskem Jana Fesslov\u00e1, kter\u00e1 ohl\u00e1sila v z\u00e1v\u011bru roku p\u0159estup a do roku 2009 vstoupila jako z\u00e1vodnice Sokola \u010cesk\u00e9 Bud\u011bjovice.  <\/p>\n","protected":false},"excerpt":{"rendered":"<a href=\"https:\/\/www.caths.cz\/wordpress\/jana-fesslova-bude-hazet-za-ceske-budejovice\/\"><img loading=\"lazy\" decoding=\"async\" width=\"100\" height=\"100\" src=\"https:\/\/www.caths.cz\/wordpress\/wp-content\/plugins\/thumbnail-for-excerpts\/tfe_no_thumb.png\" class=\"alignleft wp-post-image tfe\" alt=\"\" title=\"\" \/><\/a><p>V \u010cesk\u00fdch Bud\u011bjovic\u00edch by cht\u011bl \u017e\u00edt ka\u017ed\u00fd&#8230; Tento v\u00fdrok u\u017e p\u0159ed mnoha lety zve\u0159ejnil g\u00e9nius J\u00e1ra Cimrman. Nyn\u00ed jeho proroctv\u00ed napl\u0148uje i medailistka z leto\u0161n\u00ed paralympi\u00e1dy v Pekingu, dr\u017eitelka bronzov\u00e9 [&hellip;]<\/p>\n","protected":false},"author":1,"featured_media":0,"comment_status":"closed","ping_status":"closed","sticky":false,"template":"","format":"standard","meta":{"ngg_post_thumbnail":0,"footnotes":""},"categories":[5],"tags":[],"class_list":["post-924","post","type-post","status-publish","format-standard","hentry","category-atletika"],"_links":{"self":[{"href":"https:\/\/www.caths.cz\/wordpress\/wp-json\/wp\/v2\/posts\/924","targetHints":{"allow":["GET"]}}],"collection":[{"href":"https:\/\/www.caths.cz\/wordpress\/wp-json\/wp\/v2\/posts"}],"about":[{"href":"https:\/\/www.caths.cz\/wordpress\/wp-json\/wp\/v2\/types\/post"}],"author":[{"embeddable":true,"href":"https:\/\/www.caths.cz\/wordpress\/wp-json\/wp\/v2\/users\/1"}],"replies":[{"embeddable":true,"href":"https:\/\/www.caths.cz\/wordpress\/wp-json\/wp\/v2\/comments?post=924"}],"version-history":[{"count":0,"href":"https:\/\/www.caths.cz\/wordpress\/wp-json\/wp\/v2\/posts\/924\/revisions"}],"wp:attachment":[{"href":"https:\/\/www.caths.cz\/wordpress\/wp-json\/wp\/v2\/media?parent=924"}],"wp:term":[{"taxonomy":"category","embeddable":true,"href":"https:\/\/www.caths.cz\/wordpress\/wp-json\/wp\/v2\/categories?post=924"},{"taxonomy":"post_tag","embeddable":true,"href":"https:\/\/www.caths.cz\/wordpress\/wp-json\/wp\/v2\/tags?post=924"}],"curies":[{"name":"wp","href":"https:\/\/api.w.org\/{rel}","templated":true}]}}