{"id":923,"date":"2009-01-05T18:50:09","date_gmt":"2009-01-05T17:50:09","guid":{"rendered":"http:\/\/www.caths.cz\/wordpress\/?p=923"},"modified":"2009-01-05T18:50:09","modified_gmt":"2009-01-05T17:50:09","slug":"jiri-jezek-uspesne-ukoncil-svou-letosni-australskou-misi","status":"publish","type":"post","link":"https:\/\/www.caths.cz\/wordpress\/jiri-jezek-uspesne-ukoncil-svou-letosni-australskou-misi\/","title":{"rendered":"Ji\u0159\u00ed Je\u017eek \u00fasp\u011b\u0161n\u011b ukon\u010dil svou leto\u0161n\u00ed australskou misi"},"content":{"rendered":"<p align=\"justify\">\nPo v\u00edce ne\u017e dvou t\u00fddnech tvrd\u00e9ho objemov\u00e9ho tr\u00e9ninku na slunn\u00e9m Gold Coastu, se n\u00e1\u0161 nejlep\u0161\u00ed handicapovan\u00fd cyklista rozhodl zm\u011bnit sv\u016fj program pro posledn\u00ed t\u00fdden sv\u00e9ho australsk\u00e9ho pobytu, kdy\u017e p\u0159ijal pozv\u00e1n\u00ed na presti\u017en\u00ed, div\u00e1cky velmi sledovanou s\u00e9rii krit\u00e9ri\u00ed \u201eJayco Bay Classics\u201c a p\u0159esunul se tedy do o mnoho chladn\u011bj\u0161\u00edho Melbourne.\n<\/p>\n<p align=\"justify\"> Ne\u010dekanou zm\u011bnou tak ov\u0161em p\u0159ipravil hork\u00e9 chv\u00edle sv\u00e9mu tren\u00e9ru Zapletalovi, kter\u00fd pro n\u011bj musel na posledn\u00ed chv\u00edli vy\u0159izovat z\u00e1vodn\u00ed licenci pro rok 2009. <\/p>\n<p> Sv\u016fj prvn\u00ed leto\u0161n\u00ed z\u00e1vod tak mohl je\u017eek absolvovat hned 2. ledna, ve starobyl\u00e9 p\u0159\u00edstavn\u00ed \u010dtvrti Melbourne Williamstown. Po po\u010d\u00e1te\u010dn\u00edch probl\u00e9mech s adaptac\u00ed na z\u00e1vodn\u00ed rychlost, zajel z\u00e1vod s p\u0159ehledem a dokon\u010dil v pohod\u011b v hlavn\u00ed skupin\u011b. Kr\u00e1sn\u00e9mu z\u00e1vodu p\u0159ihl\u00ed\u017eely davy lid\u00ed a skv\u011blou atmosf\u00e9ru umoc\u0148oval vynikaj\u00edc\u00ed koment\u00e1tor. Pot\u00e9 se z\u00e1vodn\u00edci p\u0159esunuli do dal\u0161\u00edho p\u0159\u00edstavn\u00edho m\u011bsta Geelong, kde se m\u011bly odehr\u00e1t n\u00e1sleduj\u00edc\u00ed dva z\u00e1vody s\u00e9rie. <\/p>\n<p> Prvn\u00ed z nich prob\u011bhl na dvoukilometrov\u00e9m okruhu, vedouc\u00edm kr\u00e1snou botanickou zahradou v parku na okraji m\u011bsta. Kr\u00e1tk\u00fd okruh ov\u0161em nedal nikomu \u0161anci prosadit se s\u00f3lov\u011b a v siln\u00e9m v\u011btru a pom\u011brn\u011b rovinat\u00e9m profilu trati se \u010dekal hromadn\u00fd spurt. Jirka se v pr\u016fb\u011bhu z\u00e1vodu pokusil o dva samostatn\u00e9 \u00faniky, kter\u00e9 ale nem\u011bly dlouh\u00e9ho trv\u00e1n\u00ed. Alespo\u0148 na sebe, na rozd\u00edl od p\u0159edchoz\u00edho z\u00e1vodu, v\u00fdrazn\u011bji upozornil. Fini\u0161 z\u00e1vodu, kter\u00fd, jak se p\u0159edpokl\u00e1dalo, sm\u011b\u0159oval do spurtu, poznamenal t\u011b\u017ek\u00fd hromadn\u00fd p\u00e1d, kter\u00e9mu se v\u0161ak na\u0161t\u011bst\u00ed vyhnul. <\/p>\n<p> Druh\u00fd z\u00e1vod v Geelong, tentokr\u00e1t v Eastern Park, se Je\u017ekovi p\u0159\u00edli\u0161 nevyda\u0159il. Vinou nev\u00fdhodn\u00e9ho nalosov\u00e1n\u00ed na startu se ocitl ji\u017e od po\u010d\u00e1tku z\u00e1vodu uzav\u0159en za skupinou slab\u0161\u00edch z\u00e1vodn\u00edk\u016f, kter\u00e1 znemo\u017enila jeho snahy probojovat se do \u010deln\u00ed skupiny a po dal\u0161\u00edm p\u00e1du dvou z\u00e1vodn\u00edk\u016f bezprost\u0159edn\u011b p\u0159ed n\u00edm, u\u017e nem\u011bl \u0161anci na dobr\u00e9 um\u00edst\u011bn\u00ed. <\/p>\n<p> Nejlep\u0161\u00ed ov\u0161em m\u00e1 p\u0159ij\u00edt na konec a tak Je\u017eek sv\u00e9 nejlep\u0161\u00ed vystoupen\u00ed v leto\u0161n\u00ed s\u00e9rii p\u0159edvedl a\u017e v posledn\u00edm z\u00e1vod\u011b, v Portarlington. Odhodlan\u00fd p\u0159edv\u00e9st se po\u010detn\u00fdm div\u00e1k\u016fm, kte\u0159\u00ed ho celou s\u00e9rii podporovali se na nejt\u011b\u017e\u0161\u00ed trati Bay Classic s n\u00e1ro\u010dn\u00fdm stoup\u00e1n\u00edm a nebezpe\u010dn\u00fdmi zat\u00e1\u010dkami u\u017e od startu dr\u017eel mezi nejlep\u0161\u00edmi. <em> \u201ePoda\u0159ilo se mi dob\u0159e odstartovat a i kdy\u017e ka\u017ed\u00e9 z osmadvaceti stoup\u00e1n\u00ed dost bolelo, nenechal jsem si ty nejlep\u0161\u00ed z\u00e1vodn\u00edky ujet.Ve t\u0159etin\u011b z\u00e1vodu u\u017e n\u00e1s zbylo z p\u016fvodn\u00edch devades\u00e1ti jen asi t\u0159icet. Pak p\u0159i\u0161el nebezpe\u010dn\u011b vyhl\u00ed\u017eej\u00edc\u00ed p\u00e1d. Z\u016fstal jsem zablokov\u00e1n \u201esmotan\u00fdmi\u201c jezdci, ale rozhod\u010d\u00ed mi podle pravidel dali mo\u017enost neutr\u00e1ln\u00edho kola, tak\u017ee jsem se op\u011bt za\u0159adil do \u010dela pelotonu. Od poloviny z\u00e1vodu u\u017e n\u00e1s krou\u017eilo jen patn\u00e1ct. T\u0159i kola p\u0159ed c\u00edlem jsem se pokusil o n\u00e1stup, ale n\u00e1skok mi vydr\u017eel jen jedno kolo. Ud\u011blal jsem to hlavn\u011b pro div\u00e1ky, co\u017e m\u011blo efekt. Byla to skv\u011bl\u00e1 te\u010dka za z\u00e1vody i za cel\u00fdm australsk\u00fdm pobytem.\u201c <\/em><\/p>\n<p> Je\u017eek tak m\u016f\u017ee b\u00fdt opravdu spokojen\u00fd. Mno\u017estv\u00ed kvalitn\u00edch kilometr\u016f i dal\u0161\u00ed zku\u0161enosti ze z\u00e1vod\u016f se jist\u011b v leto\u0161n\u00ed sez\u00f3n\u011b budou hodit. <\/p>\n<p> \/So\u0148a Je\u017ekov\u00e1, www.jirijezek.cz\/ <\/p>\n<p> FOTO: So\u0148a Je\u017ekov\u00e1<\/p>\n<p> <img decoding=\"async\" src=\"\/wordpress\/image\/k_clankum\/jaycobay09.jpg\"><\/p>\n","protected":false},"excerpt":{"rendered":"<a href=\"https:\/\/www.caths.cz\/wordpress\/jiri-jezek-uspesne-ukoncil-svou-letosni-australskou-misi\/\"><img loading=\"lazy\" decoding=\"async\" width=\"100\" height=\"100\" src=\"https:\/\/www.caths.cz\/wordpress\/wp-content\/plugins\/thumbnail-for-excerpts\/tfe_no_thumb.png\" class=\"alignleft wp-post-image tfe\" alt=\"\" title=\"\" \/><\/a><p>Po v\u00edce ne\u017e dvou t\u00fddnech tvrd\u00e9ho objemov\u00e9ho tr\u00e9ninku na slunn\u00e9m Gold Coastu, se n\u00e1\u0161 nejlep\u0161\u00ed handicapovan\u00fd cyklista rozhodl zm\u011bnit sv\u016fj program pro posledn\u00ed t\u00fdden sv\u00e9ho australsk\u00e9ho pobytu, kdy\u017e p\u0159ijal pozv\u00e1n\u00ed [&hellip;]<\/p>\n","protected":false},"author":1,"featured_media":0,"comment_status":"closed","ping_status":"closed","sticky":false,"template":"","format":"standard","meta":{"ngg_post_thumbnail":0,"footnotes":""},"categories":[2],"tags":[],"class_list":["post-923","post","type-post","status-publish","format-standard","hentry","category-cyklistika"],"_links":{"self":[{"href":"https:\/\/www.caths.cz\/wordpress\/wp-json\/wp\/v2\/posts\/923","targetHints":{"allow":["GET"]}}],"collection":[{"href":"https:\/\/www.caths.cz\/wordpress\/wp-json\/wp\/v2\/posts"}],"about":[{"href":"https:\/\/www.caths.cz\/wordpress\/wp-json\/wp\/v2\/types\/post"}],"author":[{"embeddable":true,"href":"https:\/\/www.caths.cz\/wordpress\/wp-json\/wp\/v2\/users\/1"}],"replies":[{"embeddable":true,"href":"https:\/\/www.caths.cz\/wordpress\/wp-json\/wp\/v2\/comments?post=923"}],"version-history":[{"count":0,"href":"https:\/\/www.caths.cz\/wordpress\/wp-json\/wp\/v2\/posts\/923\/revisions"}],"wp:attachment":[{"href":"https:\/\/www.caths.cz\/wordpress\/wp-json\/wp\/v2\/media?parent=923"}],"wp:term":[{"taxonomy":"category","embeddable":true,"href":"https:\/\/www.caths.cz\/wordpress\/wp-json\/wp\/v2\/categories?post=923"},{"taxonomy":"post_tag","embeddable":true,"href":"https:\/\/www.caths.cz\/wordpress\/wp-json\/wp\/v2\/tags?post=923"}],"curies":[{"name":"wp","href":"https:\/\/api.w.org\/{rel}","templated":true}]}}