{"id":921,"date":"2008-12-30T22:53:13","date_gmt":"2008-12-30T21:53:13","guid":{"rendered":"http:\/\/www.caths.cz\/wordpress\/?p=921"},"modified":"2008-12-30T22:53:13","modified_gmt":"2008-12-30T21:53:13","slug":"novy-rok-v-televizi-odpocita-a-privita-bara-spotakova-a-jirka-jezek","status":"publish","type":"post","link":"https:\/\/www.caths.cz\/wordpress\/novy-rok-v-televizi-odpocita-a-privita-bara-spotakova-a-jirka-jezek\/","title":{"rendered":"Nov\u00fd rok v televizi odpo\u010d\u00edt\u00e1 a p\u0159iv\u00edt\u00e1 B\u00e1ra \u0160pot\u00e1kov\u00e1 a Jirka Je\u017eek!"},"content":{"rendered":"<p align=\"justify\">\nKlasick\u00e9 Silvestrovsk\u00e9 odpo\u010d\u00edt\u00e1v\u00e1n\u00ed a slavnostn\u00ed p\u0159\u00edpitek ve 24:00, ve vys\u00edl\u00e1n\u00ed \u010cesk\u00e9 televize spole\u010dn\u011b obstar\u00e1 dvojice nejv\u00fdznamn\u011bj\u0161\u00edch sportovc\u016f \u010cesk\u00e9 republiky v roce 2008 &#8211; olympijsk\u00e1 v\u00edt\u011bzka a dr\u017eitelka sv\u011btov\u00e9ho rekordu v hodu o\u0161t\u011bpem, Barbora \u0160pot\u00e1kov\u00e1 a dr\u017eitel \u010dty\u0159 paralympijsk\u00fdch medail\u00ed (z toho dvou zlat\u00fdch), cyklista Ji\u0159\u00ed Je\u017eek.<\/p>\n","protected":false},"excerpt":{"rendered":"<a href=\"https:\/\/www.caths.cz\/wordpress\/novy-rok-v-televizi-odpocita-a-privita-bara-spotakova-a-jirka-jezek\/\"><img loading=\"lazy\" decoding=\"async\" width=\"100\" height=\"100\" src=\"https:\/\/www.caths.cz\/wordpress\/wp-content\/plugins\/thumbnail-for-excerpts\/tfe_no_thumb.png\" class=\"alignleft wp-post-image tfe\" alt=\"\" title=\"\" \/><\/a><p>Klasick\u00e9 Silvestrovsk\u00e9 odpo\u010d\u00edt\u00e1v\u00e1n\u00ed a slavnostn\u00ed p\u0159\u00edpitek ve 24:00, ve vys\u00edl\u00e1n\u00ed \u010cesk\u00e9 televize spole\u010dn\u011b obstar\u00e1 dvojice nejv\u00fdznamn\u011bj\u0161\u00edch sportovc\u016f \u010cesk\u00e9 republiky v roce 2008 &#8211; olympijsk\u00e1 v\u00edt\u011bzka a dr\u017eitelka sv\u011btov\u00e9ho rekordu v [&hellip;]<\/p>\n","protected":false},"author":1,"featured_media":0,"comment_status":"closed","ping_status":"closed","sticky":false,"template":"","format":"standard","meta":{"ngg_post_thumbnail":0,"footnotes":""},"categories":[6],"tags":[],"class_list":["post-921","post","type-post","status-publish","format-standard","hentry","category-caths-info"],"_links":{"self":[{"href":"https:\/\/www.caths.cz\/wordpress\/wp-json\/wp\/v2\/posts\/921","targetHints":{"allow":["GET"]}}],"collection":[{"href":"https:\/\/www.caths.cz\/wordpress\/wp-json\/wp\/v2\/posts"}],"about":[{"href":"https:\/\/www.caths.cz\/wordpress\/wp-json\/wp\/v2\/types\/post"}],"author":[{"embeddable":true,"href":"https:\/\/www.caths.cz\/wordpress\/wp-json\/wp\/v2\/users\/1"}],"replies":[{"embeddable":true,"href":"https:\/\/www.caths.cz\/wordpress\/wp-json\/wp\/v2\/comments?post=921"}],"version-history":[{"count":0,"href":"https:\/\/www.caths.cz\/wordpress\/wp-json\/wp\/v2\/posts\/921\/revisions"}],"wp:attachment":[{"href":"https:\/\/www.caths.cz\/wordpress\/wp-json\/wp\/v2\/media?parent=921"}],"wp:term":[{"taxonomy":"category","embeddable":true,"href":"https:\/\/www.caths.cz\/wordpress\/wp-json\/wp\/v2\/categories?post=921"},{"taxonomy":"post_tag","embeddable":true,"href":"https:\/\/www.caths.cz\/wordpress\/wp-json\/wp\/v2\/tags?post=921"}],"curies":[{"name":"wp","href":"https:\/\/api.w.org\/{rel}","templated":true}]}}