{"id":901,"date":"2008-12-16T10:59:27","date_gmt":"2008-12-16T09:59:27","guid":{"rendered":"http:\/\/www.caths.cz\/wordpress\/?p=901"},"modified":"2008-12-16T10:59:27","modified_gmt":"2008-12-16T09:59:27","slug":"koncert-v-klubu-2lf-uk-dr-vojak-charkovo-008-ukoncil-letosni-serii-beneficnich-koncertu-ve-prospech-caths","status":"publish","type":"post","link":"https:\/\/www.caths.cz\/wordpress\/koncert-v-klubu-2lf-uk-dr-vojak-charkovo-008-ukoncil-letosni-serii-beneficnich-koncertu-ve-prospech-caths\/","title":{"rendered":"Koncert v klubu 2.LF UK Dr. Voj\u00e1k CHARKOVO 008 ukon\u010dil leto\u0161n\u00ed s\u00e9rii benefi\u010dn\u00edch koncert\u016f ve prosp\u011bch \u010cATHS"},"content":{"rendered":"\n<p align=\"justify\">\nJan Kalousek, Ivan Hlas a Trio, B\u00edl\u00e1 nemoc, Inside Kru, D.J.Bica, \u0160kolen\u00ed sester, B.Lues, Hruskowicz, Theo Adla revival Band, FunkThomas, tak to jsou zp\u011bv\u00e1ci a kapely, kter\u00e9 postupn\u011b zahr\u00e1ly v r\u00e1mci celoro\u010dn\u00ed s\u00e9rie koncert\u016f v Klubu Dr. Voj\u00e1k a vyj\u00e1d\u0159ili tak podporu t\u011blesn\u011b handicapovan\u00fdm sportovc\u016fm.\n <\/p>\n<p align=\"justify\"> Koncerty po\u0159\u00e1d\u00e1 a financuje spole\u010dnost Handicap Caf\u00e9, jej\u00ed\u017e p\u0159edstavitel\u00e9 p\u0159ipravuj\u00ed pro rok 2009 op\u011bt s\u00e9rii div\u00e1cky velice \u00fasp\u011b\u0161n\u00fdch festival\u016f a v jedn\u00e1n\u00ed je \u00fa\u010dast dal\u0161\u00edch popul\u00e1rn\u00edch skupin a s\u00f3list\u016f a host\u016f. <\/p>\n<p><strong> Z\u00e1v\u011brem p\u0159ipom\u00edn\u00e1me, \u017ee spole\u010dnosti Handicap Caf\u00e9 a Klub 2.LF UK Dr. Voj\u00e1k z v\u00fdt\u011b\u017eku koncert\u016f zakoupily z\u00e1vodn\u00ed silni\u010dn\u00ed kolo v hodnot\u011b 80 000,- K\u010d na kter\u00e9m nyn\u00ed tr\u00e9nuje za\u010d\u00ednaj\u00edc\u00ed cyklista s nadkolenn\u00ed amputac\u00ed a multifunk\u010dn\u00ed posilovac\u00ed stroj, kter\u00fdm je vybavena spole\u010dn\u00e1 posilovna TP a ZP sportovc\u016f v Praze na Strahov\u011b&#8230; <\/strong> <\/p>\n<p> <img decoding=\"async\" src=\"\/wordpress\/image\/k_clankum\/2008 017.jpg\"><\/p>\n<p> <img decoding=\"async\" src=\"\/wordpress\/image\/k_clankum\/2008 023.jpg\"><\/p>\n<p> <img decoding=\"async\" src=\"\/wordpress\/image\/k_clankum\/2008 024.jpg\"><\/p>\n","protected":false},"excerpt":{"rendered":"<a href=\"https:\/\/www.caths.cz\/wordpress\/koncert-v-klubu-2lf-uk-dr-vojak-charkovo-008-ukoncil-letosni-serii-beneficnich-koncertu-ve-prospech-caths\/\"><img loading=\"lazy\" decoding=\"async\" width=\"100\" height=\"100\" src=\"https:\/\/www.caths.cz\/wordpress\/wp-content\/plugins\/thumbnail-for-excerpts\/tfe_no_thumb.png\" class=\"alignleft wp-post-image tfe\" alt=\"\" title=\"\" \/><\/a><p>Jan Kalousek, Ivan Hlas a Trio, B\u00edl\u00e1 nemoc, Inside Kru, D.J.Bica, \u0160kolen\u00ed sester, B.Lues, Hruskowicz, Theo Adla revival Band, FunkThomas, tak to jsou zp\u011bv\u00e1ci a kapely, kter\u00e9 postupn\u011b zahr\u00e1ly v [&hellip;]<\/p>\n","protected":false},"author":1,"featured_media":0,"comment_status":"closed","ping_status":"closed","sticky":false,"template":"","format":"standard","meta":{"ngg_post_thumbnail":0,"footnotes":""},"categories":[6],"tags":[],"class_list":["post-901","post","type-post","status-publish","format-standard","hentry","category-caths-info"],"_links":{"self":[{"href":"https:\/\/www.caths.cz\/wordpress\/wp-json\/wp\/v2\/posts\/901","targetHints":{"allow":["GET"]}}],"collection":[{"href":"https:\/\/www.caths.cz\/wordpress\/wp-json\/wp\/v2\/posts"}],"about":[{"href":"https:\/\/www.caths.cz\/wordpress\/wp-json\/wp\/v2\/types\/post"}],"author":[{"embeddable":true,"href":"https:\/\/www.caths.cz\/wordpress\/wp-json\/wp\/v2\/users\/1"}],"replies":[{"embeddable":true,"href":"https:\/\/www.caths.cz\/wordpress\/wp-json\/wp\/v2\/comments?post=901"}],"version-history":[{"count":0,"href":"https:\/\/www.caths.cz\/wordpress\/wp-json\/wp\/v2\/posts\/901\/revisions"}],"wp:attachment":[{"href":"https:\/\/www.caths.cz\/wordpress\/wp-json\/wp\/v2\/media?parent=901"}],"wp:term":[{"taxonomy":"category","embeddable":true,"href":"https:\/\/www.caths.cz\/wordpress\/wp-json\/wp\/v2\/categories?post=901"},{"taxonomy":"post_tag","embeddable":true,"href":"https:\/\/www.caths.cz\/wordpress\/wp-json\/wp\/v2\/tags?post=901"}],"curies":[{"name":"wp","href":"https:\/\/api.w.org\/{rel}","templated":true}]}}