{"id":900,"date":"2008-12-16T10:47:18","date_gmt":"2008-12-16T09:47:18","guid":{"rendered":"http:\/\/www.caths.cz\/wordpress\/?p=900"},"modified":"2008-12-16T10:47:18","modified_gmt":"2008-12-16T09:47:18","slug":"cykliste-uz-znaji-svuj-program-na-rok-2009","status":"publish","type":"post","link":"https:\/\/www.caths.cz\/wordpress\/cykliste-uz-znaji-svuj-program-na-rok-2009\/","title":{"rendered":"Cyklist\u00e9 u\u017e znaj\u00ed sv\u016fj program na rok 2009"},"content":{"rendered":"<p align=\"justify\">\nCyklist\u00e9 a handbike\u0159i budou m\u00edt rok 2009 v\u00edce ne\u017e pern\u00fd. UCI zve\u0159ejnila kalend\u00e1\u0159 z\u00e1vod\u016f pro rok 2009 a n\u00e1s t\u011b\u0161\u00ed, \u017ee mezi organiz\u00e1tory kontinent\u00e1ln\u00edho poh\u00e1ru figuruje i \u010cesk\u00e1 republika, d\u00edky z\u00e1vod\u016fm, kter\u00e9 v Lounech organizuje Radovan \u0160abata.\n <\/p>\n<p align=\"justify\"><strong> Reprezenta\u010dn\u00ed t\u00fdm absolvuje postupn\u011b tyto podniky: <\/strong><\/p>\n<p> 1.- 3.5. (cy) Bizkaiko Bira, Bilbao, ESP<br \/> 21.- 22.5 (cy) World Cup Manchester, GB<br \/> 23.- 24.5. (cy, hand) European Cycling Cup, Correze, FRA<br \/> 6 &#8211; 7.6. (cy) Radsporttage &#8211; Gippingen, SUI<br \/> 12.-13.6 (hand) EHC Oensingen &#8211; SUI<br \/> 4.- 5. 7. (cy) European Cycling Cup, Cantipalos, ESP<br \/> 11.-12.7. (hand) EHC &#8211; Louny, CZE<br \/> 18.-19.7. (cy, hand) European Cycling Cup &#8211; Vr\u00e1tn\u00e1, SVK<br \/> 25.-26.7. (cy, hand) European Cycling Cup &#8211; Piacenza, ITA<br \/> 3.-13.9. (cy, hand) WORLD CHAMPIONSHIPS &#8211; Sevilla, ESP<br \/> 13.-15.11 (cy) Oceania Cycling Track Championships &#8211; Adelaide, AUS<\/p>\n<p> Tren\u00e9r Viktor Zapletal nast\u00ednil c\u00edle spole\u010dn\u00e9ho reprezenta\u010dn\u00edho t\u00fdmu T\u011blesn\u011b a zrakov\u011b handicapovan\u00fdch cyklist\u016f pro rok 2009: <em><br \/> &#8222;Hlavn\u00edm c\u00edlem je udr\u017eet, upevnit a pokusit se zlep\u0161it sou\u010dasnou pozici, kterou ve sv\u011bt\u011b na\u0161e cyklistika m\u00e1. Konkr\u00e9tn\u011b bych byl r\u00e1d, kdyby Jirka Je\u017eek potvrdil svou sou\u010dasnou sv\u011btovou pozici, o\u010dek\u00e1v\u00e1m dal\u0161\u00ed zlep\u0161ov\u00e1n\u00ed Tom\u00e1\u0161e Kvasni\u010dky, v\u011b\u0159\u00edm, \u017ee R\u00e1\u010fa Civi\u0161 kone\u010dn\u011b sv\u011btu uk\u00e1\u017ee, jak obrovsk\u00e1 s\u00edla se v n\u011bm skr\u00fdv\u00e1 a douf\u00e1m v uzdraven\u00ed a novou motivaci u Marcela Pipka.<br \/> N\u00e1rust v\u00fdkonnosti potvrzuje i Radim Pavl\u00edk (v roce 2008 druh\u00fd v celkov\u00e9m hodnocen\u00ed EP) a pokud bude i nad\u00e1le pokra\u010dovat v tr\u00e9ninku tak jako doposud, m\u00e1 velk\u00e9 \u0161ance na \u00fasp\u011bch. Nav\u00edc s n\u00edm po\u010d\u00edt\u00e1m, pro jeho rychlostn\u00ed schopnosti i do Team Sprintu, kde bych ho r\u00e1d vyzkou\u0161el na t\u0159et\u00edm, z\u00e1v\u011bre\u010dn\u00e9m \u00faseku.<br \/> Velk\u00e9 nad\u011bje pak vkl\u00e1d\u00e1m do skupiny &#8222;nov\u00e1\u010dk\u016f&#8220; v reprezenta\u010dn\u00edm t\u00fdmu, konkr\u00e9tn\u011b do Ale\u0161e Wasserbauera (LC3), Radka Dut\u00e9ho (LC4), tandemu Moflar &#8211; Chyba a \u010dtve\u0159ice nad\u011bjn\u00fdch handbiker\u016f, D\u011bck\u00fd, \u0160i\u0161ka, B\u00edza, Tom\u00e1nek.&#8220;<\/em><\/p>\n","protected":false},"excerpt":{"rendered":"<a href=\"https:\/\/www.caths.cz\/wordpress\/cykliste-uz-znaji-svuj-program-na-rok-2009\/\"><img loading=\"lazy\" decoding=\"async\" width=\"100\" height=\"100\" src=\"https:\/\/www.caths.cz\/wordpress\/wp-content\/plugins\/thumbnail-for-excerpts\/tfe_no_thumb.png\" class=\"alignleft wp-post-image tfe\" alt=\"\" title=\"\" \/><\/a><p>Cyklist\u00e9 a handbike\u0159i budou m\u00edt rok 2009 v\u00edce ne\u017e pern\u00fd. UCI zve\u0159ejnila kalend\u00e1\u0159 z\u00e1vod\u016f pro rok 2009 a n\u00e1s t\u011b\u0161\u00ed, \u017ee mezi organiz\u00e1tory kontinent\u00e1ln\u00edho poh\u00e1ru figuruje i \u010cesk\u00e1 republika, d\u00edky [&hellip;]<\/p>\n","protected":false},"author":1,"featured_media":0,"comment_status":"closed","ping_status":"closed","sticky":false,"template":"","format":"standard","meta":{"ngg_post_thumbnail":0,"footnotes":""},"categories":[2],"tags":[],"class_list":["post-900","post","type-post","status-publish","format-standard","hentry","category-cyklistika"],"_links":{"self":[{"href":"https:\/\/www.caths.cz\/wordpress\/wp-json\/wp\/v2\/posts\/900","targetHints":{"allow":["GET"]}}],"collection":[{"href":"https:\/\/www.caths.cz\/wordpress\/wp-json\/wp\/v2\/posts"}],"about":[{"href":"https:\/\/www.caths.cz\/wordpress\/wp-json\/wp\/v2\/types\/post"}],"author":[{"embeddable":true,"href":"https:\/\/www.caths.cz\/wordpress\/wp-json\/wp\/v2\/users\/1"}],"replies":[{"embeddable":true,"href":"https:\/\/www.caths.cz\/wordpress\/wp-json\/wp\/v2\/comments?post=900"}],"version-history":[{"count":0,"href":"https:\/\/www.caths.cz\/wordpress\/wp-json\/wp\/v2\/posts\/900\/revisions"}],"wp:attachment":[{"href":"https:\/\/www.caths.cz\/wordpress\/wp-json\/wp\/v2\/media?parent=900"}],"wp:term":[{"taxonomy":"category","embeddable":true,"href":"https:\/\/www.caths.cz\/wordpress\/wp-json\/wp\/v2\/categories?post=900"},{"taxonomy":"post_tag","embeddable":true,"href":"https:\/\/www.caths.cz\/wordpress\/wp-json\/wp\/v2\/tags?post=900"}],"curies":[{"name":"wp","href":"https:\/\/api.w.org\/{rel}","templated":true}]}}