{"id":894,"date":"2008-12-10T21:39:55","date_gmt":"2008-12-10T20:39:55","guid":{"rendered":"http:\/\/www.caths.cz\/wordpress\/?p=894"},"modified":"2008-12-10T21:39:55","modified_gmt":"2008-12-10T20:39:55","slug":"historicky-uspech-jirky-jezka-v-ankete-sportovec-cr-2008","status":"publish","type":"post","link":"https:\/\/www.caths.cz\/wordpress\/historicky-uspech-jirky-jezka-v-ankete-sportovec-cr-2008\/","title":{"rendered":"Historick\u00fd \u00fasp\u011bch Jirky Je\u017eka v anket\u011b Sportovec \u010cR 2008"},"content":{"rendered":"<p align=\"justify\"> A jak toto um\u00edst\u011bn\u00ed hodnot\u00ed Jirka? <em> &#8222;Tak to jsem ne\u010dekal \ud83d\ude42 M\u00e1m z toho docela radost :-)&#8220;<\/em><br \/> Nutno dodat, \u017ee Jirk\u016fv v\u00fdsledek je v\u00edce ne\u017e zaslou\u017een\u00fd, ostatn\u011b posu\u010fte sami &#8211; v roce 2008 Ji\u0159\u00ed Je\u017eek dos\u00e1hl t\u011bchto \u00fasp\u011bch\u016f:<\/p>\n<p> &#8211; potr\u00e1pil profesion\u00e1ly a v etapov\u00e9m z\u00e1vod\u011b 1. kategorie Vuelta Dominicana obsadil vynikaj\u00edc\u00ed 27. m\u00edsto<br \/> &#8211; bez jedin\u00e9 por\u00e1\u017eky vyhr\u00e1l seri\u00e1l Evropsk\u00e9ho poh\u00e1ru, co\u017e se doposud nikomu nepoda\u0159ilo<br \/> &#8211; vyhr\u00e1l Sv\u011btov\u00fd poh\u00e1r v Manchesteru<br \/> &#8211; obsadil 3. m\u00edsto v Open z\u00e1vod\u011b s profesion\u00e1ly i nejlep\u0161\u00edmi amat\u00e9ry &#8211; Mistrovstv\u00ed st\u0159edn\u00ed Evropy<br \/> &#8211; na paralympi\u00e1d\u011b v Pekingu z\u00edskal 2x zlato, st\u0159\u00edbro a bronz<br \/> &#8211; vytvo\u0159il nov\u00fd paralympijsk\u00fd rekord<br \/> &#8211; opakovan\u011b p\u0159ekonal \u010cesk\u00fd rekord ve st\u00edhac\u00edm z\u00e1vod\u011b na 4 km<br \/> &#8211; v\u00fdraznou m\u011brou p\u0159isp\u011bl k zisku bronzov\u00e9 medaile Team sprintu na LPH v Pekingu a jak jinak ne\u017e op\u011bt v nov\u00e9 rekordu \u010cR<\/p>\n<p> Pro \u00faplnost dod\u00e1v\u00e1me, \u017ee Ji\u0159\u00ed Je\u017eek je 5ti n\u00e1sobn\u00fd paralympijsk\u00fd v\u00edt\u011bz ze Sydney, At\u00e9n a Pekingu (!!!), tak\u00e9 ji\u017e t\u0159ikr\u00e1t obl\u00e9kl duhov\u00fd dres mistra sv\u011bta(!!), p\u0159ekonal sv\u011btov\u00fd i paralympijsk\u00fd rekord (!), historicky pat\u0159\u00ed mezi nej\u00fasp\u011b\u0161n\u011bj\u0161\u00ed handicapovan\u00e9 sportovce sv\u011bta a v cyklistice je jeho jm\u00e9no sv\u011btov\u00fdm pojmem. <\/p>\n<p> <img decoding=\"async\" src=\"\/wordpress\/image\/k_clankum\/juanluis.jpg\"><br \/> FOTO: Ji\u0159\u00ed Je\u017eek na velodromu Laoshan v Pekingu se sv\u00fdm tren\u00e9rem Viktorem Zapletalem a \u0161\u00e9fem paralympijsk\u00e9ho v\u00fdboru Dominik\u00e1nsk\u00e9 republiky a hlavn\u00edm p\u0159edstavitelem cyklistiky v t\u00e9to zemi, Juanem Luisem.<\/p>\n","protected":false},"excerpt":{"rendered":"<a href=\"https:\/\/www.caths.cz\/wordpress\/historicky-uspech-jirky-jezka-v-ankete-sportovec-cr-2008\/\"><img loading=\"lazy\" decoding=\"async\" width=\"100\" height=\"100\" src=\"https:\/\/www.caths.cz\/wordpress\/wp-content\/plugins\/thumbnail-for-excerpts\/tfe_no_thumb.png\" class=\"alignleft wp-post-image tfe\" alt=\"\" title=\"\" \/><\/a><p>A jak toto um\u00edst\u011bn\u00ed hodnot\u00ed Jirka? &#8222;Tak to jsem ne\u010dekal \ud83d\ude42 M\u00e1m z toho docela radost :-)&#8220; Nutno dodat, \u017ee Jirk\u016fv v\u00fdsledek je v\u00edce ne\u017e zaslou\u017een\u00fd, ostatn\u011b posu\u010fte sami &#8211; [&hellip;]<\/p>\n","protected":false},"author":1,"featured_media":0,"comment_status":"closed","ping_status":"closed","sticky":false,"template":"","format":"standard","meta":{"ngg_post_thumbnail":0,"footnotes":""},"categories":[1],"tags":[],"class_list":["post-894","post","type-post","status-publish","format-standard","hentry","category-nezarazene"],"_links":{"self":[{"href":"https:\/\/www.caths.cz\/wordpress\/wp-json\/wp\/v2\/posts\/894","targetHints":{"allow":["GET"]}}],"collection":[{"href":"https:\/\/www.caths.cz\/wordpress\/wp-json\/wp\/v2\/posts"}],"about":[{"href":"https:\/\/www.caths.cz\/wordpress\/wp-json\/wp\/v2\/types\/post"}],"author":[{"embeddable":true,"href":"https:\/\/www.caths.cz\/wordpress\/wp-json\/wp\/v2\/users\/1"}],"replies":[{"embeddable":true,"href":"https:\/\/www.caths.cz\/wordpress\/wp-json\/wp\/v2\/comments?post=894"}],"version-history":[{"count":0,"href":"https:\/\/www.caths.cz\/wordpress\/wp-json\/wp\/v2\/posts\/894\/revisions"}],"wp:attachment":[{"href":"https:\/\/www.caths.cz\/wordpress\/wp-json\/wp\/v2\/media?parent=894"}],"wp:term":[{"taxonomy":"category","embeddable":true,"href":"https:\/\/www.caths.cz\/wordpress\/wp-json\/wp\/v2\/categories?post=894"},{"taxonomy":"post_tag","embeddable":true,"href":"https:\/\/www.caths.cz\/wordpress\/wp-json\/wp\/v2\/tags?post=894"}],"curies":[{"name":"wp","href":"https:\/\/api.w.org\/{rel}","templated":true}]}}