{"id":892,"date":"2008-12-10T01:47:39","date_gmt":"2008-12-10T00:47:39","guid":{"rendered":"http:\/\/www.caths.cz\/wordpress\/?p=892"},"modified":"2008-12-10T01:47:39","modified_gmt":"2008-12-10T00:47:39","slug":"treninkova-poradna-otazka-7","status":"publish","type":"post","link":"https:\/\/www.caths.cz\/wordpress\/treninkova-poradna-otazka-7\/","title":{"rendered":"Tr\u00e9ninkov\u00e1 poradna, ot\u00e1zka 7."},"content":{"rendered":"<p>Ly\u017eov\u00e1n\u00ed a snowboarding handicapovan\u00fdch<\/p>\n<p align=\"justify\"> <strong>&#8220; &#8222;M\u00e1m podkolenn\u00ed amputaci, \u00faraz se mi stal p\u0159ed 10 lety. Pros\u00edm v\u00e1s o informaci, jak\u00e9 jsou mo\u017enosti ly\u017eov\u00e1n\u00ed a p\u0159edev\u0161\u00edm j\u00edzdy na snowboardu pro amput\u00e1\u0159e.&#8220;&#8220;<\/strong><\/p>\n<p> <strong> Odpov\u011b\u010f: <\/strong><br \/> V p\u0159\u00edpad\u011b tohoto dotazu v\u00e1s odkazuji na Dr. Jana Hr\u016f\u0161u,Csc. z FTVS UK, (j.hrusa@centrum.cz), kter\u00fd je zakladatalem ly\u017eov\u00e1n\u00ed amput\u00e1\u0159\u016f v \u010cesk\u00e9 republice a uzn\u00e1van\u00fdm odborn\u00edkem na tuto problematiku.<br \/> Dr. Hr\u016f\u0161a je z\u00e1rove\u0148 i tv\u016frcem metodiky ly\u017eov\u00e1n\u00ed (sjezdov\u00e9ho i b\u011b\u017eeck\u00e9ho) a snowboardingu pro amput\u00e1\u0159e a v\u011b\u0159te, \u017ee pod jeho veden\u00edm velice rychle zvl\u00e1dnete z\u00e1klady ly\u017eov\u00e1n\u00ed, v\u010detn\u011b sezn\u00e1men\u00ed s problematikou vhodn\u00fdch prot\u00e9z a vybaven\u00ed pro ly\u017ea\u0159e.<\/p>\n<p> D\u00e1le se m\u016f\u017eete sezn\u00e1mit s nab\u00eddkou kurz\u016f, kter\u00e9 po\u0159\u00e1d\u00e1 Centrum sportovn\u00edch aktivit zdravotn\u011b posti\u017een\u00fdch student\u016f UK a aktivn\u011b se jich z\u00fa\u010dastnit a to nejenom u n\u00e1s, ale i v zahrani\u010d\u00ed.<br \/> Pro zaj\u00edmavost p\u0159ikl\u00e1d\u00e1m seznam ly\u017ea\u0159sk\u00fdch akc\u00ed, kter\u00e9 Dr. Hr\u016f\u0161a po\u0159\u00e1d\u00e1 pro tuto sez\u00f3nu a rozhodn\u011b doporu\u010duji:<\/p>\n<p><strong> Ly\u017eov\u00e1n\u00ed<\/strong><\/p>\n<p> T\u011blesn\u011b a zrakov\u011b posti\u017een\u00fdch \u2013 pro pokro\u010dil\u00e9 \u2013 sjezd<br \/> Dolomity &#8211; Tonale 13. \u2013 20.12. 2008 Serodine<br \/> Vedouc\u00ed akce: Dr. Hru\u0161a <\/p>\n<p> Zrakov\u011b posti\u017een\u00fdch \u2013 pro za\u010d\u00e1te\u010dn\u00edky i pokro\u010dil\u00e9 \u2013 b\u011bh na ly\u017e\u00edch<br \/> Jizersk\u00e9 hory \u2013 Jind\u0159ichov 2.-6.2. 2009 chata Muhu<br \/> Vedouc\u00ed akce : Dr.Hru\u0161a <\/p>\n<p> T\u011blesn\u011b a zrakov\u011b posti\u017een\u00fdch \u2013 pro pokro\u010dil\u00e9 \u2013 sjezd<br \/> Dolomity \u2013 Paganela 14. \u2013 21.3.2009 penzion Alba Nova<br \/> Vedouc\u00ed akce : Dr.Jan Hru\u0161a<\/p>\n<p> Zdravotn\u011b posti\u017een\u00fdch \u2013 pro za\u010d\u00e1te\u010dn\u00edky \u2013 sjezd i b\u011bh na ly\u017e\u00edch<br \/> Krkono\u0161e \u2013 Pec p.Sn. 29.3 \u2013 5.4.a 5.4. -10.4.2009 Husova bouda<br \/> Vedouc\u00ed akce : Dr.Jan Hru\u0161a<\/p>\n<p> \/Mgr. Viktor Zapletal\/ <\/p>\n<p> <img decoding=\"async\" src=\"\/wordpress\/image\/k_clankum\/tplyz.jpg\"> <\/p>\n","protected":false},"excerpt":{"rendered":"<a href=\"https:\/\/www.caths.cz\/wordpress\/treninkova-poradna-otazka-7\/\"><img loading=\"lazy\" decoding=\"async\" width=\"100\" height=\"100\" src=\"https:\/\/www.caths.cz\/wordpress\/wp-content\/plugins\/thumbnail-for-excerpts\/tfe_no_thumb.png\" class=\"alignleft wp-post-image tfe\" alt=\"\" title=\"\" \/><\/a><p>Ly\u017eov\u00e1n\u00ed a snowboarding handicapovan\u00fdch &#8220; &#8222;M\u00e1m podkolenn\u00ed amputaci, \u00faraz se mi stal p\u0159ed 10 lety. Pros\u00edm v\u00e1s o informaci, jak\u00e9 jsou mo\u017enosti ly\u017eov\u00e1n\u00ed a p\u0159edev\u0161\u00edm j\u00edzdy na snowboardu pro amput\u00e1\u0159e.&#8220;&#8220; [&hellip;]<\/p>\n","protected":false},"author":1,"featured_media":0,"comment_status":"closed","ping_status":"closed","sticky":false,"template":"","format":"standard","meta":{"ngg_post_thumbnail":0,"footnotes":""},"categories":[26],"tags":[],"class_list":["post-892","post","type-post","status-publish","format-standard","hentry","category-treninkova-poradna"],"_links":{"self":[{"href":"https:\/\/www.caths.cz\/wordpress\/wp-json\/wp\/v2\/posts\/892","targetHints":{"allow":["GET"]}}],"collection":[{"href":"https:\/\/www.caths.cz\/wordpress\/wp-json\/wp\/v2\/posts"}],"about":[{"href":"https:\/\/www.caths.cz\/wordpress\/wp-json\/wp\/v2\/types\/post"}],"author":[{"embeddable":true,"href":"https:\/\/www.caths.cz\/wordpress\/wp-json\/wp\/v2\/users\/1"}],"replies":[{"embeddable":true,"href":"https:\/\/www.caths.cz\/wordpress\/wp-json\/wp\/v2\/comments?post=892"}],"version-history":[{"count":0,"href":"https:\/\/www.caths.cz\/wordpress\/wp-json\/wp\/v2\/posts\/892\/revisions"}],"wp:attachment":[{"href":"https:\/\/www.caths.cz\/wordpress\/wp-json\/wp\/v2\/media?parent=892"}],"wp:term":[{"taxonomy":"category","embeddable":true,"href":"https:\/\/www.caths.cz\/wordpress\/wp-json\/wp\/v2\/categories?post=892"},{"taxonomy":"post_tag","embeddable":true,"href":"https:\/\/www.caths.cz\/wordpress\/wp-json\/wp\/v2\/tags?post=892"}],"curies":[{"name":"wp","href":"https:\/\/api.w.org\/{rel}","templated":true}]}}