{"id":886,"date":"2008-12-01T11:16:52","date_gmt":"2008-12-01T10:16:52","guid":{"rendered":"http:\/\/www.caths.cz\/wordpress\/?p=886"},"modified":"2008-12-01T11:16:52","modified_gmt":"2008-12-01T10:16:52","slug":"nejen-cykliste-maji-na-strahove-svou-posilovnu","status":"publish","type":"post","link":"https:\/\/www.caths.cz\/wordpress\/nejen-cykliste-maji-na-strahove-svou-posilovnu\/","title":{"rendered":"(nejen) Cyklist\u00e9 maj\u00ed na Strahov\u011b svou posilovnu"},"content":{"rendered":"<p align=\"justify\">\nSpolupr\u00e1ce \u010cSZPS a \u010cATHS v budov\u00e1n\u00ed spole\u010dn\u00e9ho cyklistick\u00e9ho t\u00fdmu m\u00e1 dal\u0161\u00ed pozitivn\u00ed v\u00fdstup. Na Strahov\u011b byla provozn\u011bna posilovna, kterou vyu\u017e\u00edvaj\u00ed nevidom\u00ed cyklist\u00e9 se sv\u00fdmi piloty, ale sv\u00e9 silov\u00e9 schopnosti sem bude chodit rozv\u00edjet nap\u0159\u00edklad i \u00fasp\u011b\u0161n\u00fd junior a medailista z paralympi\u00e1dy Tom\u00e1\u0161 Kvasni\u010dka a dal\u0161\u00ed \u010dlenov\u00e9 cyklistick\u00e9ho reprezenta\u010dn\u00edho t\u00fdmu.\n<\/p>\n<p align=\"justify\"> Posilovna je vybavena profesion\u00e1ln\u00edm trena\u017e\u00e9rem RACER firmy Kettler, na kter\u00e9m doma tr\u00e9nuje i mistr sv\u011bta Ji\u0159\u00ed Je\u017eek. Tento trena\u017e\u00e9r p\u0159edstavuje absolutn\u00ed sv\u011btovou \u0161pi\u010dku, \u010demu\u017e odpov\u00edd\u00e1 i cena. Efekt je v\u0161ak mimo\u0159\u00e1dn\u00fd. Trena\u017e\u00e9r m\u00e1 v sob\u011b naprogramovan\u00e9 r\u016fzn\u00e9 tr\u00e9ninkov\u00e9 a z\u00e1vodn\u00ed trasy a s\u00e1m p\u0159id\u00e1v\u00e1 a ub\u00edr\u00e1 \u017e\u00e1t\u011b\u017e podle profilu trati. Nevidom\u00e9mu cyklistovi tak sta\u010d\u00ed pouze zm\u00e1\u010dknout jedno tla\u010d\u00edtko a m\u016f\u017ee se vydat na libovoln\u011b zvolenou trasu, kterou mu tren\u00e9r ur\u010d\u00ed. <br \/> Dal\u0161\u00ed sou\u010d\u00e1st\u00ed posilovny je multifunk\u010dn\u00ed posilovac\u00ed stroj, kter\u00fd cyklist\u016fm v\u011bnovala spole\u010dnost<strong> HANDICAP CAF\u00c9 a Klub 2.LF UK Dr. Voj\u00e1k<\/strong> &#8211; po\u0159adatel\u00e9 benefi\u010dn\u00edch koncert\u016f pro handicapovan\u00e9 sportovce. <br \/> Posilovna v\u0161ak nen\u00ed ur\u010den\u00e1 pouze cyklist\u016fm, mohou ji <strong>ZDARMA<\/strong> vyu\u017e\u00edvat v\u0161ichni \u010dlenov\u00e9 \u010cATHS a \u010cSZPS. Pokud m\u00e1te z\u00e1jem j\u00edt si zacvi\u010dit (a ur\u010dit\u011b by v\u00e1m to prosp\u011blo), kontaktujte sekretari\u00e1t \u010cATHS \u010di \u010cSZPS a zapi\u0161te se do \u010dasov\u00e9ho programu vyu\u017eit\u00ed posilovny. <\/p>\n<p> <img decoding=\"async\" src=\"\/wordpress\/image\/k_clankum\/2008 005.jpg\"> <\/p>\n","protected":false},"excerpt":{"rendered":"<a href=\"https:\/\/www.caths.cz\/wordpress\/nejen-cykliste-maji-na-strahove-svou-posilovnu\/\"><img loading=\"lazy\" decoding=\"async\" width=\"100\" height=\"100\" src=\"https:\/\/www.caths.cz\/wordpress\/wp-content\/plugins\/thumbnail-for-excerpts\/tfe_no_thumb.png\" class=\"alignleft wp-post-image tfe\" alt=\"\" title=\"\" \/><\/a><p>Spolupr\u00e1ce \u010cSZPS a \u010cATHS v budov\u00e1n\u00ed spole\u010dn\u00e9ho cyklistick\u00e9ho t\u00fdmu m\u00e1 dal\u0161\u00ed pozitivn\u00ed v\u00fdstup. Na Strahov\u011b byla provozn\u011bna posilovna, kterou vyu\u017e\u00edvaj\u00ed nevidom\u00ed cyklist\u00e9 se sv\u00fdmi piloty, ale sv\u00e9 silov\u00e9 schopnosti sem [&hellip;]<\/p>\n","protected":false},"author":1,"featured_media":0,"comment_status":"closed","ping_status":"closed","sticky":false,"template":"","format":"standard","meta":{"ngg_post_thumbnail":0,"footnotes":""},"categories":[2],"tags":[],"class_list":["post-886","post","type-post","status-publish","format-standard","hentry","category-cyklistika"],"_links":{"self":[{"href":"https:\/\/www.caths.cz\/wordpress\/wp-json\/wp\/v2\/posts\/886","targetHints":{"allow":["GET"]}}],"collection":[{"href":"https:\/\/www.caths.cz\/wordpress\/wp-json\/wp\/v2\/posts"}],"about":[{"href":"https:\/\/www.caths.cz\/wordpress\/wp-json\/wp\/v2\/types\/post"}],"author":[{"embeddable":true,"href":"https:\/\/www.caths.cz\/wordpress\/wp-json\/wp\/v2\/users\/1"}],"replies":[{"embeddable":true,"href":"https:\/\/www.caths.cz\/wordpress\/wp-json\/wp\/v2\/comments?post=886"}],"version-history":[{"count":0,"href":"https:\/\/www.caths.cz\/wordpress\/wp-json\/wp\/v2\/posts\/886\/revisions"}],"wp:attachment":[{"href":"https:\/\/www.caths.cz\/wordpress\/wp-json\/wp\/v2\/media?parent=886"}],"wp:term":[{"taxonomy":"category","embeddable":true,"href":"https:\/\/www.caths.cz\/wordpress\/wp-json\/wp\/v2\/categories?post=886"},{"taxonomy":"post_tag","embeddable":true,"href":"https:\/\/www.caths.cz\/wordpress\/wp-json\/wp\/v2\/tags?post=886"}],"curies":[{"name":"wp","href":"https:\/\/api.w.org\/{rel}","templated":true}]}}