{"id":885,"date":"2008-12-01T11:07:28","date_gmt":"2008-12-01T10:07:28","guid":{"rendered":"http:\/\/www.caths.cz\/wordpress\/?p=885"},"modified":"2008-12-01T11:07:28","modified_gmt":"2008-12-01T10:07:28","slug":"cesky-svaz-cyklistiky-ocenil-nejuspesnejsi-cyklisty-za-sezonu-2008","status":"publish","type":"post","link":"https:\/\/www.caths.cz\/wordpress\/cesky-svaz-cyklistiky-ocenil-nejuspesnejsi-cyklisty-za-sezonu-2008\/","title":{"rendered":"\u010cesk\u00fd svaz cyklistiky ocenil nej\u00fasp\u011b\u0161n\u011bj\u0161\u00ed cyklisty za sez\u00f3nu 2008"},"content":{"rendered":"<p align=\"justify\">\n<p>V pra\u017esk\u00e9m divadle Minor si dali sraz nejv\u00fdznamn\u011bj\u0161\u00ed p\u0159edstavitel\u00e9 cyklistiky \u010cesk\u00e9 republiky, aby na slavnostn\u00edm vyhl\u00e1\u0161en\u00ed ocenili nejlep\u0161\u00ed cyklisty v sez\u00f3n\u011b 2008.<\/p>\n<p align=\"justify\"> V kategorii handicapovan\u00fdch cyklist\u016f byli ocen\u011bni medailist\u00e9 z paralympi\u00e1dy v Pekingu, kter\u00e9 navrhla Komise handicapovan\u00fdch \u010cSC. \u010cestnou cenu tedy p\u0159evzali Ji\u0159\u00ed Je\u017eek, Tom\u00e1\u0161 Kvasni\u010dka, Ji\u0159\u00ed Bou\u0161ka a Mark\u00e9ta Mackov\u00e1. <\/p>\n","protected":false},"excerpt":{"rendered":"<a href=\"https:\/\/www.caths.cz\/wordpress\/cesky-svaz-cyklistiky-ocenil-nejuspesnejsi-cyklisty-za-sezonu-2008\/\"><img loading=\"lazy\" decoding=\"async\" width=\"100\" height=\"100\" src=\"https:\/\/www.caths.cz\/wordpress\/wp-content\/plugins\/thumbnail-for-excerpts\/tfe_no_thumb.png\" class=\"alignleft wp-post-image tfe\" alt=\"\" title=\"\" \/><\/a><p>V pra\u017esk\u00e9m divadle Minor si dali sraz nejv\u00fdznamn\u011bj\u0161\u00ed p\u0159edstavitel\u00e9 cyklistiky \u010cesk\u00e9 republiky, aby na slavnostn\u00edm vyhl\u00e1\u0161en\u00ed ocenili nejlep\u0161\u00ed cyklisty v sez\u00f3n\u011b 2008. V kategorii handicapovan\u00fdch cyklist\u016f byli ocen\u011bni medailist\u00e9 z [&hellip;]<\/p>\n","protected":false},"author":1,"featured_media":0,"comment_status":"closed","ping_status":"closed","sticky":false,"template":"","format":"standard","meta":{"ngg_post_thumbnail":0,"footnotes":""},"categories":[2],"tags":[],"class_list":["post-885","post","type-post","status-publish","format-standard","hentry","category-cyklistika"],"_links":{"self":[{"href":"https:\/\/www.caths.cz\/wordpress\/wp-json\/wp\/v2\/posts\/885","targetHints":{"allow":["GET"]}}],"collection":[{"href":"https:\/\/www.caths.cz\/wordpress\/wp-json\/wp\/v2\/posts"}],"about":[{"href":"https:\/\/www.caths.cz\/wordpress\/wp-json\/wp\/v2\/types\/post"}],"author":[{"embeddable":true,"href":"https:\/\/www.caths.cz\/wordpress\/wp-json\/wp\/v2\/users\/1"}],"replies":[{"embeddable":true,"href":"https:\/\/www.caths.cz\/wordpress\/wp-json\/wp\/v2\/comments?post=885"}],"version-history":[{"count":0,"href":"https:\/\/www.caths.cz\/wordpress\/wp-json\/wp\/v2\/posts\/885\/revisions"}],"wp:attachment":[{"href":"https:\/\/www.caths.cz\/wordpress\/wp-json\/wp\/v2\/media?parent=885"}],"wp:term":[{"taxonomy":"category","embeddable":true,"href":"https:\/\/www.caths.cz\/wordpress\/wp-json\/wp\/v2\/categories?post=885"},{"taxonomy":"post_tag","embeddable":true,"href":"https:\/\/www.caths.cz\/wordpress\/wp-json\/wp\/v2\/tags?post=885"}],"curies":[{"name":"wp","href":"https:\/\/api.w.org\/{rel}","templated":true}]}}