{"id":884,"date":"2008-11-29T12:30:46","date_gmt":"2008-11-29T11:30:46","guid":{"rendered":"http:\/\/www.caths.cz\/wordpress\/?p=884"},"modified":"2008-11-29T12:30:46","modified_gmt":"2008-11-29T11:30:46","slug":"medailistka-z-pekingu-jana-fesslova-navstivi-stredisko-pro-handicapovane-v-sobeslavi","status":"publish","type":"post","link":"https:\/\/www.caths.cz\/wordpress\/medailistka-z-pekingu-jana-fesslova-navstivi-stredisko-pro-handicapovane-v-sobeslavi\/","title":{"rendered":"Medailistka z Pekingu Jana Fesslov\u00e1 nav\u0161t\u00edv\u00ed St\u0159edisko pro handicapovan\u00e9 v Sob\u011bslavi"},"content":{"rendered":"<p align=\"justify\">\n<p>V\u00fdznamn\u00e9ho hosta si pozvalo st\u0159edisko pro handicapovan\u00e9 klienty v Sob\u011bslavi. V \u00fater\u00fd 2. prosince sem p\u0159ijede \u010deskobud\u011bjovick\u00e1 paralympioni\u010dka Jana Fesslov\u00e1.<\/p>\n<p align=\"justify\"> Jana se zranila v roce 1999 p\u0159i mistrovsk\u00e9m utk\u00e1n\u00ed v h\u00e1zen\u00e9. Po\u0161kozen\u00ed p\u00e1te\u0159e, ke kter\u00e9mu do\u0161lo bylo bohu\u017eel nevratn\u00e9. P\u0159esto se ke sportu vr\u00e1tila a dnes pat\u0159\u00ed v atletice ke sv\u011btov\u00e9 paralympijsk\u00e9 \u0161pi\u010dce ve sv\u00e9 kategorii, co\u017e potvrdila letos na paralympi\u00e1d\u011b v Pekingu ziskem bronzov\u00e9 medaile v hodu diskem. <\/p>\n","protected":false},"excerpt":{"rendered":"<a href=\"https:\/\/www.caths.cz\/wordpress\/medailistka-z-pekingu-jana-fesslova-navstivi-stredisko-pro-handicapovane-v-sobeslavi\/\"><img loading=\"lazy\" decoding=\"async\" width=\"100\" height=\"100\" src=\"https:\/\/www.caths.cz\/wordpress\/wp-content\/plugins\/thumbnail-for-excerpts\/tfe_no_thumb.png\" class=\"alignleft wp-post-image tfe\" alt=\"\" title=\"\" \/><\/a><p>V\u00fdznamn\u00e9ho hosta si pozvalo st\u0159edisko pro handicapovan\u00e9 klienty v Sob\u011bslavi. V \u00fater\u00fd 2. prosince sem p\u0159ijede \u010deskobud\u011bjovick\u00e1 paralympioni\u010dka Jana Fesslov\u00e1. Jana se zranila v roce 1999 p\u0159i mistrovsk\u00e9m utk\u00e1n\u00ed v [&hellip;]<\/p>\n","protected":false},"author":1,"featured_media":0,"comment_status":"closed","ping_status":"closed","sticky":false,"template":"","format":"standard","meta":{"ngg_post_thumbnail":0,"footnotes":""},"categories":[5],"tags":[],"class_list":["post-884","post","type-post","status-publish","format-standard","hentry","category-atletika"],"_links":{"self":[{"href":"https:\/\/www.caths.cz\/wordpress\/wp-json\/wp\/v2\/posts\/884","targetHints":{"allow":["GET"]}}],"collection":[{"href":"https:\/\/www.caths.cz\/wordpress\/wp-json\/wp\/v2\/posts"}],"about":[{"href":"https:\/\/www.caths.cz\/wordpress\/wp-json\/wp\/v2\/types\/post"}],"author":[{"embeddable":true,"href":"https:\/\/www.caths.cz\/wordpress\/wp-json\/wp\/v2\/users\/1"}],"replies":[{"embeddable":true,"href":"https:\/\/www.caths.cz\/wordpress\/wp-json\/wp\/v2\/comments?post=884"}],"version-history":[{"count":0,"href":"https:\/\/www.caths.cz\/wordpress\/wp-json\/wp\/v2\/posts\/884\/revisions"}],"wp:attachment":[{"href":"https:\/\/www.caths.cz\/wordpress\/wp-json\/wp\/v2\/media?parent=884"}],"wp:term":[{"taxonomy":"category","embeddable":true,"href":"https:\/\/www.caths.cz\/wordpress\/wp-json\/wp\/v2\/categories?post=884"},{"taxonomy":"post_tag","embeddable":true,"href":"https:\/\/www.caths.cz\/wordpress\/wp-json\/wp\/v2\/tags?post=884"}],"curies":[{"name":"wp","href":"https:\/\/api.w.org\/{rel}","templated":true}]}}