{"id":882,"date":"2008-11-27T21:25:09","date_gmt":"2008-11-27T20:25:09","guid":{"rendered":"http:\/\/www.caths.cz\/wordpress\/?p=882"},"modified":"2008-11-27T21:25:09","modified_gmt":"2008-11-27T20:25:09","slug":"co-se-ukryva-ve-13-komnate-jiriho-jezka","status":"publish","type":"post","link":"https:\/\/www.caths.cz\/wordpress\/co-se-ukryva-ve-13-komnate-jiriho-jezka\/","title":{"rendered":"Co se ukr\u00fdv\u00e1 ve 13. komnat\u011b Ji\u0159\u00edho Je\u017eka?"},"content":{"rendered":"<p align=\"justify\">\nNej\u00fasp\u011b\u0161n\u011bj\u0161\u00ed handicapovan\u00fd sportovec \u010cesk\u00e9 republiky v\u0161ech dob, paralympijsk\u00fd v\u00edt\u011bz a mistr sv\u011bta Ji\u0159\u00ed Je\u017eek, odhalil sv\u00e9 soukrom\u00ed  na \u010cT1 v po\u0159adu 13. komnata Ji\u0159\u00edho Je\u017eka.<br \/>\n<br \/>\nSledovat po\u0159ad z archivu \u010cT m\u016f\u017eete <\/p>\n<p><a href=\"http:\/\/www.ceskatelevize.cz\/vysilani\/1186000189-13-komnata\/208562210800033-28.11.2008-21:05-jiri-jezek.html\n\"><strong> <font color=\"#0066CC\">zde<\/font><br \/>\n<\/strong><\/a><\/p>\n","protected":false},"excerpt":{"rendered":"<a href=\"https:\/\/www.caths.cz\/wordpress\/co-se-ukryva-ve-13-komnate-jiriho-jezka\/\"><img loading=\"lazy\" decoding=\"async\" width=\"100\" height=\"100\" src=\"https:\/\/www.caths.cz\/wordpress\/wp-content\/plugins\/thumbnail-for-excerpts\/tfe_no_thumb.png\" class=\"alignleft wp-post-image tfe\" alt=\"\" title=\"\" \/><\/a><p>Nej\u00fasp\u011b\u0161n\u011bj\u0161\u00ed handicapovan\u00fd sportovec \u010cesk\u00e9 republiky v\u0161ech dob, paralympijsk\u00fd v\u00edt\u011bz a mistr sv\u011bta Ji\u0159\u00ed Je\u017eek, odhalil sv\u00e9 soukrom\u00ed na \u010cT1 v po\u0159adu 13. komnata Ji\u0159\u00edho Je\u017eka. Sledovat po\u0159ad z archivu \u010cT [&hellip;]<\/p>\n","protected":false},"author":1,"featured_media":0,"comment_status":"closed","ping_status":"closed","sticky":false,"template":"","format":"standard","meta":{"ngg_post_thumbnail":0,"footnotes":""},"categories":[2],"tags":[],"class_list":["post-882","post","type-post","status-publish","format-standard","hentry","category-cyklistika"],"_links":{"self":[{"href":"https:\/\/www.caths.cz\/wordpress\/wp-json\/wp\/v2\/posts\/882","targetHints":{"allow":["GET"]}}],"collection":[{"href":"https:\/\/www.caths.cz\/wordpress\/wp-json\/wp\/v2\/posts"}],"about":[{"href":"https:\/\/www.caths.cz\/wordpress\/wp-json\/wp\/v2\/types\/post"}],"author":[{"embeddable":true,"href":"https:\/\/www.caths.cz\/wordpress\/wp-json\/wp\/v2\/users\/1"}],"replies":[{"embeddable":true,"href":"https:\/\/www.caths.cz\/wordpress\/wp-json\/wp\/v2\/comments?post=882"}],"version-history":[{"count":0,"href":"https:\/\/www.caths.cz\/wordpress\/wp-json\/wp\/v2\/posts\/882\/revisions"}],"wp:attachment":[{"href":"https:\/\/www.caths.cz\/wordpress\/wp-json\/wp\/v2\/media?parent=882"}],"wp:term":[{"taxonomy":"category","embeddable":true,"href":"https:\/\/www.caths.cz\/wordpress\/wp-json\/wp\/v2\/categories?post=882"},{"taxonomy":"post_tag","embeddable":true,"href":"https:\/\/www.caths.cz\/wordpress\/wp-json\/wp\/v2\/tags?post=882"}],"curies":[{"name":"wp","href":"https:\/\/api.w.org\/{rel}","templated":true}]}}