{"id":880,"date":"2008-11-25T19:43:51","date_gmt":"2008-11-25T18:43:51","guid":{"rendered":"http:\/\/www.caths.cz\/wordpress\/?p=880"},"modified":"2008-11-25T19:43:51","modified_gmt":"2008-11-25T18:43:51","slug":"nutrend-jizda-s-jirkou-jezkem","status":"publish","type":"post","link":"https:\/\/www.caths.cz\/wordpress\/nutrend-jizda-s-jirkou-jezkem\/","title":{"rendered":"NUTREND j\u00edzda s Jirkou Je\u017ekem"},"content":{"rendered":"<p align=\"justify\"><em> &#8222;Jsem velmi r\u00e1d, \u017ee jsem mohl b\u00fdt u\u017e na po druh\u00e9 na t\u00e9to poda\u0159en\u00e9 akci. Je super vid\u011bt tolik nad\u0161en\u00fdch sportuj\u00edc\u00edch lid\u00ed. Pro m\u011b osobn\u011b to byl docela slu\u0161n\u00fd tr\u00e9nink,&#8220;<\/em> \u0159ekl Jirka Je\u017eek po skon\u010den\u00ed akce.<\/p>\n<p> V\u00edce fotografi\u00ed na: <strong><a href=\"http:\/\/www.i-sport4you.cz\/\"><font color=\"#CC0000\">www.i-sport4you.cz<\/font><\/a><\/strong> <\/p>\n<p align=\"center\"> <img decoding=\"async\" src=\"\/wordpress\/image\/k_clankum\/maratonprerov\/maraton 020.jpg\"> <img decoding=\"async\" src=\"\/wordpress\/image\/k_clankum\/maratonprerov\/maraton 340.jpg\"> <\/p>\n<p> <img decoding=\"async\" src=\"\/wordpress\/image\/k_clankum\/maratonprerov\/maraton 248.jpg\"> <img decoding=\"async\" src=\"\/wordpress\/image\/k_clankum\/maratonprerov\/maraton 241.jpg\"> <\/p>\n<p> <img decoding=\"async\" src=\"\/wordpress\/image\/k_clankum\/maratonprerov\/maraton 673.jpg\"> <img decoding=\"async\" src=\"\/wordpress\/image\/k_clankum\/maratonprerov\/maraton 388.jpg\"> <\/p>\n<p> <img decoding=\"async\" src=\"\/wordpress\/image\/k_clankum\/maratonprerov\/maraton 243.jpg\"> <img decoding=\"async\" src=\"\/wordpress\/image\/k_clankum\/maratonprerov\/maraton 570.jpg\"> <\/p>\n<p> <img decoding=\"async\" src=\"\/wordpress\/image\/k_clankum\/maratonprerov\/maraton 844.jpg\"> <img decoding=\"async\" src=\"\/wordpress\/image\/k_clankum\/maratonprerov\/maraton 281.jpg\"> <\/p>\n<p> <img decoding=\"async\" src=\"\/wordpress\/image\/k_clankum\/maratonprerov\/maraton 016.jpg\"> <img decoding=\"async\" src=\"\/wordpress\/image\/k_clankum\/maratonprerov\/maraton 986.jpg\"> <img decoding=\"async\" src=\"\/wordpress\/image\/k_clankum\/maratonprerov\/maraton 422.jpg\"> <\/p>\n<p> <img decoding=\"async\" src=\"\/wordpress\/image\/k_clankum\/maratonprerov\/maraton 534.jpg\"> <img decoding=\"async\" src=\"\/wordpress\/image\/k_clankum\/maratonprerov\/maraton 782.jpg\"> <\/p>\n<p> <img decoding=\"async\" src=\"\/wordpress\/image\/k_clankum\/maratonprerov\/maraton 791.jpg\"> <img decoding=\"async\" src=\"\/wordpress\/image\/k_clankum\/maratonprerov\/maraton 1001.jpg\"> <\/p>\n<p> <img decoding=\"async\" src=\"\/wordpress\/image\/k_clankum\/maratonprerov\/maraton 581.jpg\"> <img decoding=\"async\" src=\"\/wordpress\/image\/k_clankum\/maratonprerov\/maraton 1022.jpg\"> <\/p>\n<p> <img decoding=\"async\" src=\"\/wordpress\/image\/k_clankum\/maratonprerov\/maraton 286.jpg\"> <img decoding=\"async\" src=\"\/wordpress\/image\/k_clankum\/maratonprerov\/maraton 1076.jpg\"> <\/p>\n","protected":false},"excerpt":{"rendered":"<a href=\"https:\/\/www.caths.cz\/wordpress\/nutrend-jizda-s-jirkou-jezkem\/\"><img loading=\"lazy\" decoding=\"async\" width=\"100\" height=\"100\" src=\"https:\/\/www.caths.cz\/wordpress\/wp-content\/plugins\/thumbnail-for-excerpts\/tfe_no_thumb.png\" class=\"alignleft wp-post-image tfe\" alt=\"\" title=\"\" \/><\/a><p>&#8222;Jsem velmi r\u00e1d, \u017ee jsem mohl b\u00fdt u\u017e na po druh\u00e9 na t\u00e9to poda\u0159en\u00e9 akci. Je super vid\u011bt tolik nad\u0161en\u00fdch sportuj\u00edc\u00edch lid\u00ed. Pro m\u011b osobn\u011b to byl docela slu\u0161n\u00fd tr\u00e9nink,&#8220; [&hellip;]<\/p>\n","protected":false},"author":1,"featured_media":0,"comment_status":"closed","ping_status":"closed","sticky":false,"template":"","format":"standard","meta":{"ngg_post_thumbnail":0,"footnotes":""},"categories":[8],"tags":[],"class_list":["post-880","post","type-post","status-publish","format-standard","hentry","category-fotoreporty"],"_links":{"self":[{"href":"https:\/\/www.caths.cz\/wordpress\/wp-json\/wp\/v2\/posts\/880","targetHints":{"allow":["GET"]}}],"collection":[{"href":"https:\/\/www.caths.cz\/wordpress\/wp-json\/wp\/v2\/posts"}],"about":[{"href":"https:\/\/www.caths.cz\/wordpress\/wp-json\/wp\/v2\/types\/post"}],"author":[{"embeddable":true,"href":"https:\/\/www.caths.cz\/wordpress\/wp-json\/wp\/v2\/users\/1"}],"replies":[{"embeddable":true,"href":"https:\/\/www.caths.cz\/wordpress\/wp-json\/wp\/v2\/comments?post=880"}],"version-history":[{"count":0,"href":"https:\/\/www.caths.cz\/wordpress\/wp-json\/wp\/v2\/posts\/880\/revisions"}],"wp:attachment":[{"href":"https:\/\/www.caths.cz\/wordpress\/wp-json\/wp\/v2\/media?parent=880"}],"wp:term":[{"taxonomy":"category","embeddable":true,"href":"https:\/\/www.caths.cz\/wordpress\/wp-json\/wp\/v2\/categories?post=880"},{"taxonomy":"post_tag","embeddable":true,"href":"https:\/\/www.caths.cz\/wordpress\/wp-json\/wp\/v2\/tags?post=880"}],"curies":[{"name":"wp","href":"https:\/\/api.w.org\/{rel}","templated":true}]}}