{"id":879,"date":"2008-11-25T12:20:45","date_gmt":"2008-11-25T11:20:45","guid":{"rendered":"http:\/\/www.caths.cz\/wordpress\/?p=879"},"modified":"2008-11-25T12:20:45","modified_gmt":"2008-11-25T11:20:45","slug":"pozvanka-na-jednani-sea-strelectvi","status":"publish","type":"post","link":"https:\/\/www.caths.cz\/wordpress\/pozvanka-na-jednani-sea-strelectvi\/","title":{"rendered":"Pozv\u00e1nka na jedn\u00e1n\u00ed SEA st\u0159electv\u00ed"},"content":{"rendered":"<p align=\"justify\"> Na programu bude za\u0159azen\u00ed st\u0159elc\u016f do v\u00fdkonnostn\u00edch t\u0159\u00edd a reprezentace pro rok 2009 podle dosa\u017een\u00fdch v\u00fdsledk\u016f v roce 2008 v\u010detn\u011b v\u00fdsledk\u016f z GP Brno. Na z\u00e1klad\u011b dosa\u017een\u00fdch v\u00fdkonnostn\u00edch t\u0159\u00edd bude st\u0159elc\u016fm rozd\u011blov\u00e1no z\u00edskan\u00e9 st\u0159elivo v roce 2009. <br \/> Prob\u011bhne volba kapit\u00e1na SEA &#8211; z\u00e1stupce st\u0159elc\u016f podle pravidel \u010cATHS. Sezn\u00e1men\u00ed s pl\u00e1novan\u00fdmi akcemi SEA v roce 2009.<br \/> V diskusi projedn\u00e1me Va\u0161e p\u0159ipom\u00ednky k pr\u00e1ci v\u00fdboru SEA a p\u0159iv\u00edt\u00e1me Va\u0161e n\u00e1vrhy. <\/p>\n<p> Vladim\u00edr Mar\u010dan p\u0159edseda SEA <\/p>\n","protected":false},"excerpt":{"rendered":"<a href=\"https:\/\/www.caths.cz\/wordpress\/pozvanka-na-jednani-sea-strelectvi\/\"><img loading=\"lazy\" decoding=\"async\" width=\"100\" height=\"100\" src=\"https:\/\/www.caths.cz\/wordpress\/wp-content\/plugins\/thumbnail-for-excerpts\/tfe_no_thumb.png\" class=\"alignleft wp-post-image tfe\" alt=\"\" title=\"\" \/><\/a><p>Na programu bude za\u0159azen\u00ed st\u0159elc\u016f do v\u00fdkonnostn\u00edch t\u0159\u00edd a reprezentace pro rok 2009 podle dosa\u017een\u00fdch v\u00fdsledk\u016f v roce 2008 v\u010detn\u011b v\u00fdsledk\u016f z GP Brno. Na z\u00e1klad\u011b dosa\u017een\u00fdch v\u00fdkonnostn\u00edch t\u0159\u00edd bude [&hellip;]<\/p>\n","protected":false},"author":1,"featured_media":0,"comment_status":"closed","ping_status":"closed","sticky":false,"template":"","format":"standard","meta":{"ngg_post_thumbnail":0,"footnotes":""},"categories":[18],"tags":[],"class_list":["post-879","post","type-post","status-publish","format-standard","hentry","category-strelba"],"_links":{"self":[{"href":"https:\/\/www.caths.cz\/wordpress\/wp-json\/wp\/v2\/posts\/879","targetHints":{"allow":["GET"]}}],"collection":[{"href":"https:\/\/www.caths.cz\/wordpress\/wp-json\/wp\/v2\/posts"}],"about":[{"href":"https:\/\/www.caths.cz\/wordpress\/wp-json\/wp\/v2\/types\/post"}],"author":[{"embeddable":true,"href":"https:\/\/www.caths.cz\/wordpress\/wp-json\/wp\/v2\/users\/1"}],"replies":[{"embeddable":true,"href":"https:\/\/www.caths.cz\/wordpress\/wp-json\/wp\/v2\/comments?post=879"}],"version-history":[{"count":0,"href":"https:\/\/www.caths.cz\/wordpress\/wp-json\/wp\/v2\/posts\/879\/revisions"}],"wp:attachment":[{"href":"https:\/\/www.caths.cz\/wordpress\/wp-json\/wp\/v2\/media?parent=879"}],"wp:term":[{"taxonomy":"category","embeddable":true,"href":"https:\/\/www.caths.cz\/wordpress\/wp-json\/wp\/v2\/categories?post=879"},{"taxonomy":"post_tag","embeddable":true,"href":"https:\/\/www.caths.cz\/wordpress\/wp-json\/wp\/v2\/tags?post=879"}],"curies":[{"name":"wp","href":"https:\/\/api.w.org\/{rel}","templated":true}]}}