{"id":877,"date":"2008-11-21T11:51:13","date_gmt":"2008-11-21T10:51:13","guid":{"rendered":"http:\/\/www.caths.cz\/wordpress\/?p=877"},"modified":"2008-11-21T11:51:13","modified_gmt":"2008-11-21T10:51:13","slug":"hlasujte-a-vyberte-sportovce-pardubickeho-kraje-za-rok-2008","status":"publish","type":"post","link":"https:\/\/www.caths.cz\/wordpress\/hlasujte-a-vyberte-sportovce-pardubickeho-kraje-za-rok-2008\/","title":{"rendered":"Hlasujte a vyberte sportovce Pardubick\u00e9ho kraje za rok 2008"},"content":{"rendered":"\n<p align=\"justify\">\nPKS \u010cSTV, Pardubick\u00fd kraj a Den\u00edky vyhla\u0161uj\u00ed 6. ro\u010dn\u00edk ankety Nej\u00fasp\u011b\u0161n\u011bj\u0161\u00ed sportovec Pardubick\u00e9ho kraje za rok 2008. <\/p>\n<p align=\"justify\"> Mezi jednotlivci budou hodnoceni veter\u00e1ni, dosp\u011bl\u00ed, ml\u00e1de\u017e, \u017eactvo, handicapovan\u00ed sportovci, tren\u00e9\u0159i, cvi\u010ditel\u00e9, mimo\u0159\u00e1dn\u00fd v\u00fdkon a sout\u011b\u017e fair play. Nov\u011b je za\u0159azena kategorie Kraj\u00e1nek, ur\u010dena pro sportovce, kte\u0159\u00ed vyr\u016fstali v Pardubick\u00e9m kraji a v sou\u010dasn\u00e9 dob\u011b p\u016fsob\u00ed mimo region. U kolektiv\u016f budou ocen\u011bni dosp\u011bl\u00ed, ml\u00e1de\u017e i \u017e\u00e1kovsk\u00e1 dru\u017estva. N\u00e1vrhy na ocen\u011bn\u00ed sportovc\u016f mohou TJ, SK, svazy, sportovn\u00ed novin\u00e1\u0159i a funkcion\u00e1\u0159i zas\u00edlat do 31.12. 2008 na adresu Pardubick\u00e9ho krajsk\u00e9ho sdru\u017een\u00ed \u010cSTV, K Vinici 1901, 530 02 Pardubice nebo elektronicky kspce. cstv@ quick.cz. Krom\u011b p\u0159\u00edjmen\u00ed a jm\u00e9na sportovce mus\u00ed n\u00e1vrh obsahovat, datum narozen\u00ed, adresu trval\u00e9ho bydli\u0161t\u011b v Pardubick\u00e9m kraji (kontaktn\u00ed adresu), telefon, email, klubovou p\u0159\u00edslu\u0161nost, discipl\u00ednu a v\u00fdsledky dosa\u017een\u00e9 v roce 2008. V p\u0159\u00edpad\u011b tren\u00e9r\u016f nav\u00edc v\u00fdsledky jejich sv\u011b\u0159enc\u016f. Re\u00e1lnou nad\u011bji na vyhl\u00e1\u0161en\u00ed maj\u00ed um\u00edst\u011bn\u00ed do \u0161est\u00e9ho m\u00edsta v mezin\u00e1rodn\u00edm m\u011b\u0159\u00edtku (MS, ME, SP) a mist\u0159i republiky. Nutnou podm\u00ednkou je s\u00eddlo odd\u00edlu &#8211; klubu (za kter\u00fd sportovec startuje) v Pardubick\u00e9m kraji. V\u00fdsledky t\u00e9to ankety m\u016f\u017ee vedle odborn\u00edk\u016f ovlivnit i \u0161irok\u00e1 ve\u0159ejnost. Ta bude moci hlasovat po zve\u0159ejn\u011bn\u00ed n\u00e1vrh\u016f v Den\u00edc\u00edch do 30. ledna 2009 na adresy PKS \u010cSTV a Den\u00edku. Hlasovac\u00ed l\u00edstky budou slosov\u00e1ny a v\u00edt\u011bz z\u00edsk\u00e1 v\u011bcnou cenu, kterou v\u011bnuj\u00ed Den\u00edky.<\/p>\n","protected":false},"excerpt":{"rendered":"<a href=\"https:\/\/www.caths.cz\/wordpress\/hlasujte-a-vyberte-sportovce-pardubickeho-kraje-za-rok-2008\/\"><img loading=\"lazy\" decoding=\"async\" width=\"100\" height=\"100\" src=\"https:\/\/www.caths.cz\/wordpress\/wp-content\/plugins\/thumbnail-for-excerpts\/tfe_no_thumb.png\" class=\"alignleft wp-post-image tfe\" alt=\"\" title=\"\" \/><\/a><p>PKS \u010cSTV, Pardubick\u00fd kraj a Den\u00edky vyhla\u0161uj\u00ed 6. ro\u010dn\u00edk ankety Nej\u00fasp\u011b\u0161n\u011bj\u0161\u00ed sportovec Pardubick\u00e9ho kraje za rok 2008. Mezi jednotlivci budou hodnoceni veter\u00e1ni, dosp\u011bl\u00ed, ml\u00e1de\u017e, \u017eactvo, handicapovan\u00ed sportovci, tren\u00e9\u0159i, cvi\u010ditel\u00e9, mimo\u0159\u00e1dn\u00fd [&hellip;]<\/p>\n","protected":false},"author":1,"featured_media":0,"comment_status":"closed","ping_status":"closed","sticky":false,"template":"","format":"standard","meta":{"ngg_post_thumbnail":0,"footnotes":""},"categories":[6],"tags":[],"class_list":["post-877","post","type-post","status-publish","format-standard","hentry","category-caths-info"],"_links":{"self":[{"href":"https:\/\/www.caths.cz\/wordpress\/wp-json\/wp\/v2\/posts\/877","targetHints":{"allow":["GET"]}}],"collection":[{"href":"https:\/\/www.caths.cz\/wordpress\/wp-json\/wp\/v2\/posts"}],"about":[{"href":"https:\/\/www.caths.cz\/wordpress\/wp-json\/wp\/v2\/types\/post"}],"author":[{"embeddable":true,"href":"https:\/\/www.caths.cz\/wordpress\/wp-json\/wp\/v2\/users\/1"}],"replies":[{"embeddable":true,"href":"https:\/\/www.caths.cz\/wordpress\/wp-json\/wp\/v2\/comments?post=877"}],"version-history":[{"count":0,"href":"https:\/\/www.caths.cz\/wordpress\/wp-json\/wp\/v2\/posts\/877\/revisions"}],"wp:attachment":[{"href":"https:\/\/www.caths.cz\/wordpress\/wp-json\/wp\/v2\/media?parent=877"}],"wp:term":[{"taxonomy":"category","embeddable":true,"href":"https:\/\/www.caths.cz\/wordpress\/wp-json\/wp\/v2\/categories?post=877"},{"taxonomy":"post_tag","embeddable":true,"href":"https:\/\/www.caths.cz\/wordpress\/wp-json\/wp\/v2\/tags?post=877"}],"curies":[{"name":"wp","href":"https:\/\/api.w.org\/{rel}","templated":true}]}}