{"id":876,"date":"2008-11-20T19:10:23","date_gmt":"2008-11-20T18:10:23","guid":{"rendered":"http:\/\/www.caths.cz\/wordpress\/?p=876"},"modified":"2008-11-20T19:10:23","modified_gmt":"2008-11-20T18:10:23","slug":"fotoreportaz-z-rozhodujiciho-dne-kvalifikace-na-ms-v-curlingu-2009","status":"publish","type":"post","link":"https:\/\/www.caths.cz\/wordpress\/fotoreportaz-z-rozhodujiciho-dne-kvalifikace-na-ms-v-curlingu-2009\/","title":{"rendered":"Fotoreport\u00e1\u017e z rozhoduj\u00edc\u00edho dne kvalifikace na MS v curlingu 2009"},"content":{"rendered":"<p><img decoding=\"async\" src=\"\/wordpress\/image\/k_clankum\/curkval2\/1.jpg\"><br \/> Dom\u00e1c\u00ed t\u00fdm p\u0159i\u0161lo povzbudit mnoho fanou\u0161k\u016f <\/p>\n<p><img decoding=\"async\" src=\"\/wordpress\/image\/k_clankum\/curkval2\/4.jpg\"><br \/> Mohli sledovat boj N\u011bmc\u016f.. <\/p>\n<p><img decoding=\"async\" src=\"\/wordpress\/image\/k_clankum\/curkval2\/2.jpg\"><br \/> jejich soust\u0159ed\u011bn\u00ed.. <\/p>\n<p><img decoding=\"async\" src=\"\/wordpress\/image\/k_clankum\/curkval2\/3.jpg\"><br \/> i taktiku.. <\/p>\n<p><img decoding=\"async\" src=\"\/wordpress\/image\/k_clankum\/curkval2\/5.jpg\"><br \/> a brzy i zaslou\u017eenou radost z postupu. <\/p>\n<p><img decoding=\"async\" src=\"\/wordpress\/image\/k_clankum\/curkval2\/6.jpg\"><br \/> Prvn\u00ed \u010desk\u00e9 body.. <\/p>\n<p><img decoding=\"async\" src=\"\/wordpress\/image\/k_clankum\/curkval2\/7.jpg\"><br \/> a z\u00e1rove\u0148 posledn\u00ed \u010desk\u00e1 radost&#8230; <\/p>\n<p><img decoding=\"async\" src=\"\/wordpress\/image\/k_clankum\/curkval2\/8.jpg\"><br \/> potom u\u017e jen beznad\u011bj <\/p>\n<p><img decoding=\"async\" src=\"\/wordpress\/image\/k_clankum\/curkval2\/9.jpg\"><br \/> a nar\u016fstaj\u00edc\u00ed n\u00e1skok \u010c\u00ed\u0148an\u016f <\/p>\n<p><img decoding=\"async\" src=\"\/wordpress\/image\/k_clankum\/curkval2\/10.jpg\"><br \/> Dne\u0161n\u00ed den byl velk\u00fdm \u010d\u00ednsk\u00fdm p\u0159edstaven\u00edm&#8230; <\/p>\n<p><img decoding=\"async\" src=\"\/wordpress\/image\/k_clankum\/curkval2\/11.jpg\"><\/p>\n<p><img decoding=\"async\" src=\"\/wordpress\/image\/k_clankum\/curkval2\/12.jpg\"><br \/> dokonce jsme vid\u011bli i spoustu \u010d\u00ednsk\u00fdch \u00fasm\u011bv\u016f.. <\/p>\n<p><img decoding=\"async\" src=\"\/wordpress\/image\/k_clankum\/curkval2\/13.jpg\"><\/p>\n<p><img decoding=\"async\" src=\"\/wordpress\/image\/k_clankum\/curkval2\/14.jpg\"><\/p>\n<p><img decoding=\"async\" src=\"\/wordpress\/image\/k_clankum\/curkval2\/15.jpg\"><\/p>\n<p><img decoding=\"async\" src=\"\/wordpress\/image\/k_clankum\/curkval2\/16.jpg\"><br \/> Rusov\u00e9 podlehli nejd\u0159\u00edve N\u011bmc\u016fm, pozd\u011bji se sna\u017eili vzdorovat \u010c\u00edn\u011b&#8230; <\/p>\n<p><img decoding=\"async\" src=\"\/wordpress\/image\/k_clankum\/curkval2\/17.jpg\"><br \/> ..ale.. <\/p>\n<p><img decoding=\"async\" src=\"\/wordpress\/image\/k_clankum\/curkval2\/18.jpg\"><br \/> ve\u0161ker\u00e9 soust\u0159ed\u011bn\u00ed.. <\/p>\n<p><img decoding=\"async\" src=\"\/wordpress\/image\/k_clankum\/curkval2\/19.jpg\"><br \/> a douf\u00e1n\u00ed.. <\/p>\n<p><img decoding=\"async\" src=\"\/wordpress\/image\/k_clankum\/curkval2\/20.jpg\"><br \/> vyst\u0159\u00eddala brzy, stejn\u011b jako u na\u0161ich, beznad\u011bj.. <\/p>\n<p><img decoding=\"async\" src=\"\/wordpress\/image\/k_clankum\/curkval2\/21.jpg\"><br \/> A na z\u00e1v\u011br jsme pro v\u00e1s alespo\u0148 odhalili tajemstv\u00ed dne\u0161n\u00edho skv\u011bl\u00e9ho \u010d\u00ednsk\u00e9ho v\u00fdkonu \ud83d\ude42<\/p>\n","protected":false},"excerpt":{"rendered":"<a href=\"https:\/\/www.caths.cz\/wordpress\/fotoreportaz-z-rozhodujiciho-dne-kvalifikace-na-ms-v-curlingu-2009\/\"><img loading=\"lazy\" decoding=\"async\" width=\"100\" height=\"100\" src=\"https:\/\/www.caths.cz\/wordpress\/wp-content\/plugins\/thumbnail-for-excerpts\/tfe_no_thumb.png\" class=\"alignleft wp-post-image tfe\" alt=\"\" title=\"\" \/><\/a><p>Dom\u00e1c\u00ed t\u00fdm p\u0159i\u0161lo povzbudit mnoho fanou\u0161k\u016f Mohli sledovat boj N\u011bmc\u016f.. jejich soust\u0159ed\u011bn\u00ed.. i taktiku.. a brzy i zaslou\u017eenou radost z postupu. Prvn\u00ed \u010desk\u00e9 body.. a z\u00e1rove\u0148 posledn\u00ed \u010desk\u00e1 radost&#8230; potom [&hellip;]<\/p>\n","protected":false},"author":1,"featured_media":0,"comment_status":"closed","ping_status":"closed","sticky":false,"template":"","format":"standard","meta":{"ngg_post_thumbnail":0,"footnotes":""},"categories":[8],"tags":[],"class_list":["post-876","post","type-post","status-publish","format-standard","hentry","category-fotoreporty"],"_links":{"self":[{"href":"https:\/\/www.caths.cz\/wordpress\/wp-json\/wp\/v2\/posts\/876","targetHints":{"allow":["GET"]}}],"collection":[{"href":"https:\/\/www.caths.cz\/wordpress\/wp-json\/wp\/v2\/posts"}],"about":[{"href":"https:\/\/www.caths.cz\/wordpress\/wp-json\/wp\/v2\/types\/post"}],"author":[{"embeddable":true,"href":"https:\/\/www.caths.cz\/wordpress\/wp-json\/wp\/v2\/users\/1"}],"replies":[{"embeddable":true,"href":"https:\/\/www.caths.cz\/wordpress\/wp-json\/wp\/v2\/comments?post=876"}],"version-history":[{"count":0,"href":"https:\/\/www.caths.cz\/wordpress\/wp-json\/wp\/v2\/posts\/876\/revisions"}],"wp:attachment":[{"href":"https:\/\/www.caths.cz\/wordpress\/wp-json\/wp\/v2\/media?parent=876"}],"wp:term":[{"taxonomy":"category","embeddable":true,"href":"https:\/\/www.caths.cz\/wordpress\/wp-json\/wp\/v2\/categories?post=876"},{"taxonomy":"post_tag","embeddable":true,"href":"https:\/\/www.caths.cz\/wordpress\/wp-json\/wp\/v2\/tags?post=876"}],"curies":[{"name":"wp","href":"https:\/\/api.w.org\/{rel}","templated":true}]}}