{"id":875,"date":"2008-11-20T17:26:36","date_gmt":"2008-11-20T16:26:36","guid":{"rendered":"http:\/\/www.caths.cz\/wordpress\/?p=875"},"modified":"2008-11-20T17:26:36","modified_gmt":"2008-11-20T16:26:36","slug":"cesi-nezvladli-utkani-s-cinou-na-ms-se-nepodivaji","status":"publish","type":"post","link":"https:\/\/www.caths.cz\/wordpress\/cesi-nezvladli-utkani-s-cinou-na-ms-se-nepodivaji\/","title":{"rendered":"\u010ce\u0161i nezvl\u00e1dli utk\u00e1n\u00ed s \u010c\u00ednou, na MS se nepod\u00edvaj\u00ed"},"content":{"rendered":"<p align=\"justify\">\nDnes byla v Praze dohr\u00e1na kvalifikace curler\u016f na nadch\u00e1zej\u00edc\u00ed mistrovstv\u00ed sv\u011bta. Nad\u011bje na\u0161ich reprezentant\u016f se v\u0161ak nenaplnily. \u010ce\u0161i bohu\u017eel nedok\u00e1zali nav\u00e1zat na sv\u00e9 dobr\u00e9 v\u00fdkony ze z\u00e1kladn\u00ed \u010d\u00e1sti a v rozhoduj\u00edc\u00edm utk\u00e1n\u00ed podlehli \u010c\u00edn\u011b vysoko 2:11. Na \u00fanorov\u00e9 mistrovstv\u00ed sv\u011bta se tak nekvalifikovali.\n<\/p>\n<p align=\"justify\"> Por\u00e1\u017eka v rozhoduj\u00edc\u00edm utk\u00e1n\u00ed mrz\u00ed o to v\u00edce, \u017ee sv\u00e9ho dne\u0161n\u00edho soupe\u0159e na\u0161i v p\u0159edch\u00e1zej\u00edc\u00edm utk\u00e1n\u00ed v prvn\u00ed f\u00e1zi turnaje porazili. Dnes ov\u0161em nem\u011bli sv\u016fj den. Sice se po prvn\u00edm endu ujali veden\u00ed 2:0, ale od endu druh\u00e9ho u\u017e bodoval pouze soupe\u0159 a brzy tedy bylo z\u0159ejm\u00e9, \u017ee \u010c\u00edna dnes bude nad na\u0161e s\u00edly. <\/p>\n<p> Prvn\u00edm postupuj\u00edc\u00edm se stalo N\u011bmecko, kter\u00e9 porazilo Rusy 6:5 a zajistilo si tak p\u0159\u00edm\u00fd a zaslou\u017een\u00fd postup. N\u011bmci si v cel\u00e9 kvalifikaci po\u010d\u00ednali zcela suver\u00e9nn\u011b a zv\u00edt\u011bzili ve v\u0161ech deseti utk\u00e1n\u00edch, kter\u00e9 v Praze odehr\u00e1li. <\/p>\n<p> Pora\u017een\u00ed Rusov\u00e9 se pak o druh\u00e9 postupov\u00e9 m\u00edsto st\u0159etli s \u010c\u00ed\u0148any, kte\u0159\u00ed p\u0159ed t\u00edm vy\u0159adili na\u0161e hr\u00e1\u010de. \u010c\u00edna v\u0161ak byla i ve sv\u00e9m druh\u00e9m dne\u0161n\u00edm utk\u00e1n\u00ed zcela nekompromisn\u00ed, soupe\u0159i u\u0161t\u011bd\u0159ila v\u00fdprask 13:1 a vybojovala si tak postup do Vancouveru. <\/p>\n<p> Rusov\u00e9 tak pro\u017eili opravdu ne\u0161\u0165astn\u00fd den. Ze z\u00e1kladn\u00ed \u010d\u00e1sti postupovali ze druh\u00e9ho m\u00edsta, kter\u00e9 by jim norm\u00e1ln\u011b zajistilo postup na \u0161ampion\u00e1t. Podle postupov\u00e9ho kl\u00ed\u010de, kter\u00fd byl pro tuto kvalifikaci stanoven, ov\u0161em museli sv\u016fj postup potrvdit bu\u010f v utk\u00e1n\u00ed s v\u00edt\u011bzem z\u00e1kladn\u00ed skupiny, tedy N\u011bmeckem, nebo pak v druh\u00e9 \u0161anci &#8211; s v\u00edt\u011bzem utk\u00e1n\u00ed t\u0159et\u00edho s \u010dtvrt\u00fdm. Rusov\u00e9 v\u0161ak dnes ob\u011b sv\u00e1 utk\u00e1n\u00ed prohr\u00e1li a stejn\u011b jako na\u0161i reprezentanti tak na MS nepojedou. <\/p>\n<p> <strong> DNE\u0160N\u00cd V\u00ddSLEDKY<\/strong><br \/> <img decoding=\"async\" src=\"\/wordpress\/image\/k_clankum\/cmskval1.jpg\"> <br \/> <img decoding=\"async\" src=\"\/wordpress\/image\/k_clankum\/cmskval2.jpg\"> <\/p>\n","protected":false},"excerpt":{"rendered":"<a href=\"https:\/\/www.caths.cz\/wordpress\/cesi-nezvladli-utkani-s-cinou-na-ms-se-nepodivaji\/\"><img loading=\"lazy\" decoding=\"async\" width=\"100\" height=\"100\" src=\"https:\/\/www.caths.cz\/wordpress\/wp-content\/plugins\/thumbnail-for-excerpts\/tfe_no_thumb.png\" class=\"alignleft wp-post-image tfe\" alt=\"\" title=\"\" \/><\/a><p>Dnes byla v Praze dohr\u00e1na kvalifikace curler\u016f na nadch\u00e1zej\u00edc\u00ed mistrovstv\u00ed sv\u011bta. Nad\u011bje na\u0161ich reprezentant\u016f se v\u0161ak nenaplnily. \u010ce\u0161i bohu\u017eel nedok\u00e1zali nav\u00e1zat na sv\u00e9 dobr\u00e9 v\u00fdkony ze z\u00e1kladn\u00ed \u010d\u00e1sti a v [&hellip;]<\/p>\n","protected":false},"author":1,"featured_media":0,"comment_status":"closed","ping_status":"closed","sticky":false,"template":"","format":"standard","meta":{"ngg_post_thumbnail":0,"footnotes":""},"categories":[7],"tags":[],"class_list":["post-875","post","type-post","status-publish","format-standard","hentry","category-curling"],"_links":{"self":[{"href":"https:\/\/www.caths.cz\/wordpress\/wp-json\/wp\/v2\/posts\/875","targetHints":{"allow":["GET"]}}],"collection":[{"href":"https:\/\/www.caths.cz\/wordpress\/wp-json\/wp\/v2\/posts"}],"about":[{"href":"https:\/\/www.caths.cz\/wordpress\/wp-json\/wp\/v2\/types\/post"}],"author":[{"embeddable":true,"href":"https:\/\/www.caths.cz\/wordpress\/wp-json\/wp\/v2\/users\/1"}],"replies":[{"embeddable":true,"href":"https:\/\/www.caths.cz\/wordpress\/wp-json\/wp\/v2\/comments?post=875"}],"version-history":[{"count":0,"href":"https:\/\/www.caths.cz\/wordpress\/wp-json\/wp\/v2\/posts\/875\/revisions"}],"wp:attachment":[{"href":"https:\/\/www.caths.cz\/wordpress\/wp-json\/wp\/v2\/media?parent=875"}],"wp:term":[{"taxonomy":"category","embeddable":true,"href":"https:\/\/www.caths.cz\/wordpress\/wp-json\/wp\/v2\/categories?post=875"},{"taxonomy":"post_tag","embeddable":true,"href":"https:\/\/www.caths.cz\/wordpress\/wp-json\/wp\/v2\/tags?post=875"}],"curies":[{"name":"wp","href":"https:\/\/api.w.org\/{rel}","templated":true}]}}