{"id":874,"date":"2008-11-20T10:13:31","date_gmt":"2008-11-20T09:13:31","guid":{"rendered":"http:\/\/www.caths.cz\/wordpress\/?p=874"},"modified":"2008-11-20T10:13:31","modified_gmt":"2008-11-20T09:13:31","slug":"pipek-stale-v-nejistote","status":"publish","type":"post","link":"https:\/\/www.caths.cz\/wordpress\/pipek-stale-v-nejistote\/","title":{"rendered":"Pipek st\u00e1le v nejistot\u011b"},"content":{"rendered":"<p align=\"justify\">\n<p>Speci\u00e1ln\u00ed cvi\u010den\u00ed \u010di skalpel? Toto dilema \u0159e\u0161\u00ed v posledn\u00edch n\u011bkolik t\u00fddnech paralympijsk\u00fd v\u00edt\u011bz a mistr sv\u011bta handbiker Marcel Pipek. Kone\u010dn\u00e1 diagn\u00f3za by m\u011bla podle v\u0161eho padnout do konce tohoto t\u00fddne.<\/p>\n<p align=\"justify\"> Probl\u00e9my s ramenem postihly paralympijsk\u00e9ho v\u00edt\u011bze z At\u00e9n p\u0159ed hrami v Pekingu, z tohoto pohledu lze pova\u017eovat jeho dvan\u00e1ct\u00e9 m\u00edsto v \u010dasovce jako v\u00edt\u011bzstv\u00ed v\u016fle nad bolest\u00ed. <em> \u201eZat\u00edm nen\u00ed nikdo schopen se stoprocentn\u00ed jistotou ur\u010dit, zda-li se za m\u00fdmi zdravotn\u00edmi probl\u00e9my skr\u00fdv\u00e1 vyh\u0159ezl\u00e1 plot\u00fdnka, nebo tzv. rot\u00e1torov\u00e1 man\u017eeta, kter\u00e1 ovliv\u0148uje pohyb ramene,\u201c <\/em> vysv\u011btluje Marcel, kter\u00fd by p\u0159iv\u00edtal druhou variantu.<em> \u201eZat\u00edm to tak vypad\u00e1. Jedn\u00e1 se sice o dosti komplikovanou z\u00e1le\u017eitost, na druhou stranu na rozd\u00edl od vyh\u0159ezl\u00e9 plot\u00fdnky nen\u00ed v tomto p\u0159\u00edpad\u011b nutn\u00fd operativn\u00ed z\u00e1krok.\u201c<\/em><br \/> V Marcel\u016fv prosp\u011bch hovo\u0159\u00ed i skute\u010dnost, \u017ee po s\u00e9rii cvi\u010den\u00ed s fyzioterapeutem je bolest ve srovn\u00e1n\u00ed s Pekingem prakticky minim\u00e1ln\u00ed. Hv\u011bzda Nutrend Teamu se tak m\u016f\u017ee, by\u0165 v omezen\u00e9 m\u00ed\u0159e v\u011bnovat tr\u00e9ninku.<em> \u201eHodn\u011b plavu a jezd\u00edm na trena\u017e\u00e9ru. Ka\u017edop\u00e1dn\u011b, pot\u0159ebuji m\u00edt v dohledn\u00e9 dob\u011b jistotu ohledn\u011b diagn\u00f3zy. Pokud budu muset na operaci, pak p\u0159ijdou na \u0159adu l\u00e1zn\u011b a rehabilitace. V opa\u010dn\u00e9m p\u0159\u00edpad\u011b rehabilita\u010dn\u00ed cvi\u010den\u00ed a postupn\u00e9 zvy\u0161ov\u00e1n\u00ed d\u00e1vek. Z\u016fst\u00e1v\u00e1m v\u0161ak optimistou a v\u011b\u0159\u00edm, \u017ee do prvn\u00edho soust\u0159ed\u011bn\u00ed reprezentace v Lanzarotte, kter\u00e9 za\u010d\u00edn\u00e1 12. \u00fanora, budu v po\u0159\u00e1dku.\u201c <\/em> <\/p>\n<p> <img decoding=\"async\" src=\"\/wordpress\/image\/k_clankum\/mcr_pipek.jpg\"> <\/p>\n","protected":false},"excerpt":{"rendered":"<a href=\"https:\/\/www.caths.cz\/wordpress\/pipek-stale-v-nejistote\/\"><img loading=\"lazy\" decoding=\"async\" width=\"100\" height=\"100\" src=\"https:\/\/www.caths.cz\/wordpress\/wp-content\/plugins\/thumbnail-for-excerpts\/tfe_no_thumb.png\" class=\"alignleft wp-post-image tfe\" alt=\"\" title=\"\" \/><\/a><p>Speci\u00e1ln\u00ed cvi\u010den\u00ed \u010di skalpel? Toto dilema \u0159e\u0161\u00ed v posledn\u00edch n\u011bkolik t\u00fddnech paralympijsk\u00fd v\u00edt\u011bz a mistr sv\u011bta handbiker Marcel Pipek. Kone\u010dn\u00e1 diagn\u00f3za by m\u011bla podle v\u0161eho padnout do konce tohoto t\u00fddne. [&hellip;]<\/p>\n","protected":false},"author":1,"featured_media":0,"comment_status":"closed","ping_status":"closed","sticky":false,"template":"","format":"standard","meta":{"ngg_post_thumbnail":0,"footnotes":""},"categories":[9],"tags":[],"class_list":["post-874","post","type-post","status-publish","format-standard","hentry","category-handbike"],"_links":{"self":[{"href":"https:\/\/www.caths.cz\/wordpress\/wp-json\/wp\/v2\/posts\/874","targetHints":{"allow":["GET"]}}],"collection":[{"href":"https:\/\/www.caths.cz\/wordpress\/wp-json\/wp\/v2\/posts"}],"about":[{"href":"https:\/\/www.caths.cz\/wordpress\/wp-json\/wp\/v2\/types\/post"}],"author":[{"embeddable":true,"href":"https:\/\/www.caths.cz\/wordpress\/wp-json\/wp\/v2\/users\/1"}],"replies":[{"embeddable":true,"href":"https:\/\/www.caths.cz\/wordpress\/wp-json\/wp\/v2\/comments?post=874"}],"version-history":[{"count":0,"href":"https:\/\/www.caths.cz\/wordpress\/wp-json\/wp\/v2\/posts\/874\/revisions"}],"wp:attachment":[{"href":"https:\/\/www.caths.cz\/wordpress\/wp-json\/wp\/v2\/media?parent=874"}],"wp:term":[{"taxonomy":"category","embeddable":true,"href":"https:\/\/www.caths.cz\/wordpress\/wp-json\/wp\/v2\/categories?post=874"},{"taxonomy":"post_tag","embeddable":true,"href":"https:\/\/www.caths.cz\/wordpress\/wp-json\/wp\/v2\/tags?post=874"}],"curies":[{"name":"wp","href":"https:\/\/api.w.org\/{rel}","templated":true}]}}