{"id":873,"date":"2008-11-19T21:13:55","date_gmt":"2008-11-19T20:13:55","guid":{"rendered":"http:\/\/www.caths.cz\/wordpress\/?p=873"},"modified":"2008-11-19T21:13:55","modified_gmt":"2008-11-19T20:13:55","slug":"cesti-curleri-postoupili-do-rozhodujici-casti-kvalifikace-na-ms","status":"publish","type":"post","link":"https:\/\/www.caths.cz\/wordpress\/cesti-curleri-postoupili-do-rozhodujici-casti-kvalifikace-na-ms\/","title":{"rendered":"\u010ce\u0161t\u00ed curle\u0159i postoupili do rozhoduj\u00edc\u00ed \u010d\u00e1sti kvalifikace na MS"},"content":{"rendered":"<p align=\"justify\">\nDnes byla dohr\u00e1na z\u00e1kladn\u00ed \u010d\u00e1st kvalifika\u010dn\u00edch boj\u016f. O postupuj\u00edc\u00edch se rozhodne v hale v Roztylech z\u00edtra.\n<\/p>\n<p align=\"justify\"> Na\u0161i reprezentanti dnes nejd\u0159\u00edve v dramatick\u00e9m utk\u00e1n\u00ed porazili D\u00e1nsko 6:4, ale na z\u00e1v\u011br z\u00e1kladn\u00ed \u010d\u00e1sti podlehli t\u00fdmu N\u011bmecka vysoko 4:11. Do druh\u00e9 \u010d\u00e1sti kvalifika\u010dn\u00edch boj\u016f postoupily pouze \u010dty\u0159i prvn\u00ed dru\u017estva. \u010ceskou reprezentaci tak doprovod\u00ed pr\u00e1v\u011b N\u011bmci, \u010c\u00ed\u0148an\u00e9 a Rusov\u00e9. Z t\u00e9to \u010dtve\u0159ice vzejdou z\u00edtra dva postupuj\u00edc\u00ed. <br \/> \u010cesk\u00fd t\u00fdm si p\u0159ipsal na sv\u00e9 konto sedm v\u00edt\u011bzstv\u00ed z dev\u00edti utk\u00e1n\u00ed, kdy\u017e jedin\u00fdm lep\u0161\u00edm t\u00fdmem byli s osmi v\u00edt\u011bzn\u00fdmi z\u00e1pisy N\u011bmci. <br \/> Z\u00edtra p\u0159ed polednem se tak na\u0161i reprezentanti utkaj\u00ed s \u010c\u00ednou, kterou u\u017e v z\u00e1kladn\u00ed \u010d\u00e1sti kvalifikace jednou porazili, o postup na MS 2009, kter\u00e9 se kon\u00e1 v kanadsk\u00e9m Vancouveru 21.2.2009 &#8211; 28.2.2009. <\/p>\n<p> <img decoding=\"async\" src=\"\/wordpress\/image\/k_clankum\/curl_mskvalif 498.jpg\"> <\/p>\n","protected":false},"excerpt":{"rendered":"<a href=\"https:\/\/www.caths.cz\/wordpress\/cesti-curleri-postoupili-do-rozhodujici-casti-kvalifikace-na-ms\/\"><img loading=\"lazy\" decoding=\"async\" width=\"100\" height=\"100\" src=\"https:\/\/www.caths.cz\/wordpress\/wp-content\/plugins\/thumbnail-for-excerpts\/tfe_no_thumb.png\" class=\"alignleft wp-post-image tfe\" alt=\"\" title=\"\" \/><\/a><p>Dnes byla dohr\u00e1na z\u00e1kladn\u00ed \u010d\u00e1st kvalifika\u010dn\u00edch boj\u016f. O postupuj\u00edc\u00edch se rozhodne v hale v Roztylech z\u00edtra. Na\u0161i reprezentanti dnes nejd\u0159\u00edve v dramatick\u00e9m utk\u00e1n\u00ed porazili D\u00e1nsko 6:4, ale na z\u00e1v\u011br z\u00e1kladn\u00ed [&hellip;]<\/p>\n","protected":false},"author":1,"featured_media":0,"comment_status":"closed","ping_status":"closed","sticky":false,"template":"","format":"standard","meta":{"ngg_post_thumbnail":0,"footnotes":""},"categories":[7],"tags":[],"class_list":["post-873","post","type-post","status-publish","format-standard","hentry","category-curling"],"_links":{"self":[{"href":"https:\/\/www.caths.cz\/wordpress\/wp-json\/wp\/v2\/posts\/873","targetHints":{"allow":["GET"]}}],"collection":[{"href":"https:\/\/www.caths.cz\/wordpress\/wp-json\/wp\/v2\/posts"}],"about":[{"href":"https:\/\/www.caths.cz\/wordpress\/wp-json\/wp\/v2\/types\/post"}],"author":[{"embeddable":true,"href":"https:\/\/www.caths.cz\/wordpress\/wp-json\/wp\/v2\/users\/1"}],"replies":[{"embeddable":true,"href":"https:\/\/www.caths.cz\/wordpress\/wp-json\/wp\/v2\/comments?post=873"}],"version-history":[{"count":0,"href":"https:\/\/www.caths.cz\/wordpress\/wp-json\/wp\/v2\/posts\/873\/revisions"}],"wp:attachment":[{"href":"https:\/\/www.caths.cz\/wordpress\/wp-json\/wp\/v2\/media?parent=873"}],"wp:term":[{"taxonomy":"category","embeddable":true,"href":"https:\/\/www.caths.cz\/wordpress\/wp-json\/wp\/v2\/categories?post=873"},{"taxonomy":"post_tag","embeddable":true,"href":"https:\/\/www.caths.cz\/wordpress\/wp-json\/wp\/v2\/tags?post=873"}],"curies":[{"name":"wp","href":"https:\/\/api.w.org\/{rel}","templated":true}]}}