{"id":868,"date":"2008-11-17T23:48:40","date_gmt":"2008-11-17T22:48:40","guid":{"rendered":"http:\/\/www.caths.cz\/wordpress\/?p=868"},"modified":"2008-11-17T23:48:40","modified_gmt":"2008-11-17T22:48:40","slug":"cesti-curleri-pokracuji-v-kvalifikaci-bez-porazky","status":"publish","type":"post","link":"https:\/\/www.caths.cz\/wordpress\/cesti-curleri-pokracuji-v-kvalifikaci-bez-porazky\/","title":{"rendered":"\u010ce\u0161t\u00ed curle\u0159i pokra\u010duj\u00ed v kvalifikaci bez por\u00e1\u017eky"},"content":{"rendered":"<p align=\"justify\">\nV Praze prob\u00edh\u00e1 kvalifika\u010dn\u00ed turnaj na MS 2009 v curlingu voz\u00ed\u010dk\u00e1\u0159\u016f a na\u0161i reprezentanti si vedou zat\u00edm opravdu v\u00fdborn\u011b.\n<\/p>\n<p align=\"justify\"> Na mistrovstv\u00ed sv\u011bta se tradi\u010dn\u011b utk\u00e1v\u00e1 deset t\u00fdm\u016f. Posledn\u00ed dva z nich sestupuj\u00ed do bar\u00e1\u017ee, kde bojuj\u00ed se zbyl\u00fdmi dru\u017estvy o dv\u011b \u00fa\u010dastnick\u00e1 m\u00edsta pro p\u0159\u00ed\u0161t\u00ed mistrovstv\u00ed.<br \/> Letos o kvalifikaci bojuje deset t\u00fdm\u016f z cel\u00e9ho sv\u011bta &#8211; \u010cR, Wales, Slovensko, Finsko, Japonsko, \u010c\u00edna, Rusko, N\u011bmecko, D\u00e1nsko a Polsko.<br \/> \u010cesk\u00e9 dru\u017estvo, ve slo\u017een\u00ed: skip Radek Pokorn\u00fd, Radek Mus\u00edlek, Martin Tluk a Michaela Charv\u00e1tov\u00e1, zat\u00edm zv\u00edt\u011bzilo ve v\u0161ech p\u011bti odehran\u00fdch utk\u00e1n\u00edch z\u00e1kladn\u00ed \u010d\u00e1sti, kdy se t\u00fdmy utk\u00e1vaj\u00ed syst\u00e9mem ka\u017ed\u00fd s ka\u017ed\u00fdm a v pr\u016fb\u011b\u017en\u00e9m po\u0159ad\u00ed je zat\u00edm na t\u0159et\u00ed p\u0159\u00ed\u010dce, kdy\u017e vedouc\u00ed dva t\u00fdmy maj\u00ed odehr\u00e1n\u00e9 jedno utk\u00e1n\u00ed nav\u00edc.<\/p>\n<p> Turnaj pokra\u010duje v hale v Roztylech a\u017e do \u010dtvrtka, kdy se rozhodne o v\u00edt\u011bz\u00edch kvalifikace. <\/p>\n<p><strong> V\u00fdsledky t\u00fdmu \u010cR:<\/strong><br \/> CZE-WAL 14:2<br \/> CZE-SVK 7:4<br \/> CZE-FIN 10:3<br \/> CZE-JPN 12:2<br \/> CZE-CHN 11:4<\/p>\n<p> <img decoding=\"async\" src=\"\/wordpress\/image\/k_clankum\/mskvalcurl.jpg\"><\/p>\n","protected":false},"excerpt":{"rendered":"<a href=\"https:\/\/www.caths.cz\/wordpress\/cesti-curleri-pokracuji-v-kvalifikaci-bez-porazky\/\"><img loading=\"lazy\" decoding=\"async\" width=\"100\" height=\"100\" src=\"https:\/\/www.caths.cz\/wordpress\/wp-content\/plugins\/thumbnail-for-excerpts\/tfe_no_thumb.png\" class=\"alignleft wp-post-image tfe\" alt=\"\" title=\"\" \/><\/a><p>V Praze prob\u00edh\u00e1 kvalifika\u010dn\u00ed turnaj na MS 2009 v curlingu voz\u00ed\u010dk\u00e1\u0159\u016f a na\u0161i reprezentanti si vedou zat\u00edm opravdu v\u00fdborn\u011b. Na mistrovstv\u00ed sv\u011bta se tradi\u010dn\u011b utk\u00e1v\u00e1 deset t\u00fdm\u016f. Posledn\u00ed dva z [&hellip;]<\/p>\n","protected":false},"author":1,"featured_media":0,"comment_status":"closed","ping_status":"closed","sticky":false,"template":"","format":"standard","meta":{"ngg_post_thumbnail":0,"footnotes":""},"categories":[7],"tags":[],"class_list":["post-868","post","type-post","status-publish","format-standard","hentry","category-curling"],"_links":{"self":[{"href":"https:\/\/www.caths.cz\/wordpress\/wp-json\/wp\/v2\/posts\/868","targetHints":{"allow":["GET"]}}],"collection":[{"href":"https:\/\/www.caths.cz\/wordpress\/wp-json\/wp\/v2\/posts"}],"about":[{"href":"https:\/\/www.caths.cz\/wordpress\/wp-json\/wp\/v2\/types\/post"}],"author":[{"embeddable":true,"href":"https:\/\/www.caths.cz\/wordpress\/wp-json\/wp\/v2\/users\/1"}],"replies":[{"embeddable":true,"href":"https:\/\/www.caths.cz\/wordpress\/wp-json\/wp\/v2\/comments?post=868"}],"version-history":[{"count":0,"href":"https:\/\/www.caths.cz\/wordpress\/wp-json\/wp\/v2\/posts\/868\/revisions"}],"wp:attachment":[{"href":"https:\/\/www.caths.cz\/wordpress\/wp-json\/wp\/v2\/media?parent=868"}],"wp:term":[{"taxonomy":"category","embeddable":true,"href":"https:\/\/www.caths.cz\/wordpress\/wp-json\/wp\/v2\/categories?post=868"},{"taxonomy":"post_tag","embeddable":true,"href":"https:\/\/www.caths.cz\/wordpress\/wp-json\/wp\/v2\/tags?post=868"}],"curies":[{"name":"wp","href":"https:\/\/api.w.org\/{rel}","templated":true}]}}