{"id":867,"date":"2008-11-17T15:46:01","date_gmt":"2008-11-17T14:46:01","guid":{"rendered":"http:\/\/www.caths.cz\/wordpress\/?p=867"},"modified":"2008-11-17T15:46:01","modified_gmt":"2008-11-17T14:46:01","slug":"cykliste-uz-znaji-termin-ms-2009","status":"publish","type":"post","link":"https:\/\/www.caths.cz\/wordpress\/cykliste-uz-znaji-termin-ms-2009\/","title":{"rendered":"Cyklist\u00e9 u\u017e znaj\u00ed term\u00edn MS 2009"},"content":{"rendered":"<p align=\"justify\">Mezin\u00e1rodn\u00ed cyklistick\u00e1 federace UCI, pod kterou spad\u00e1 i cyklistika handicapovan\u00fdch, ji\u017e zve\u0159ejnila term\u00edn kon\u00e1n\u00ed p\u0159\u00ed\u0161t\u00edho MS. \u0160ampion\u00e1t prob\u011bhne ve \u0161pan\u011blsk\u00e9 Seville ve dnech 3. a\u017e 13. z\u00e1\u0159\u00ed 2009.<\/p>\n","protected":false},"excerpt":{"rendered":"<a href=\"https:\/\/www.caths.cz\/wordpress\/cykliste-uz-znaji-termin-ms-2009\/\"><img loading=\"lazy\" decoding=\"async\" width=\"100\" height=\"100\" src=\"https:\/\/www.caths.cz\/wordpress\/wp-content\/plugins\/thumbnail-for-excerpts\/tfe_no_thumb.png\" class=\"alignleft wp-post-image tfe\" alt=\"\" title=\"\" \/><\/a><p>Mezin\u00e1rodn\u00ed cyklistick\u00e1 federace UCI, pod kterou spad\u00e1 i cyklistika handicapovan\u00fdch, ji\u017e zve\u0159ejnila term\u00edn kon\u00e1n\u00ed p\u0159\u00ed\u0161t\u00edho MS. \u0160ampion\u00e1t prob\u011bhne ve \u0161pan\u011blsk\u00e9 Seville ve dnech 3. a\u017e 13. z\u00e1\u0159\u00ed 2009.<\/p>\n","protected":false},"author":1,"featured_media":0,"comment_status":"closed","ping_status":"closed","sticky":false,"template":"","format":"standard","meta":{"ngg_post_thumbnail":0,"footnotes":""},"categories":[2],"tags":[],"class_list":["post-867","post","type-post","status-publish","format-standard","hentry","category-cyklistika"],"_links":{"self":[{"href":"https:\/\/www.caths.cz\/wordpress\/wp-json\/wp\/v2\/posts\/867","targetHints":{"allow":["GET"]}}],"collection":[{"href":"https:\/\/www.caths.cz\/wordpress\/wp-json\/wp\/v2\/posts"}],"about":[{"href":"https:\/\/www.caths.cz\/wordpress\/wp-json\/wp\/v2\/types\/post"}],"author":[{"embeddable":true,"href":"https:\/\/www.caths.cz\/wordpress\/wp-json\/wp\/v2\/users\/1"}],"replies":[{"embeddable":true,"href":"https:\/\/www.caths.cz\/wordpress\/wp-json\/wp\/v2\/comments?post=867"}],"version-history":[{"count":0,"href":"https:\/\/www.caths.cz\/wordpress\/wp-json\/wp\/v2\/posts\/867\/revisions"}],"wp:attachment":[{"href":"https:\/\/www.caths.cz\/wordpress\/wp-json\/wp\/v2\/media?parent=867"}],"wp:term":[{"taxonomy":"category","embeddable":true,"href":"https:\/\/www.caths.cz\/wordpress\/wp-json\/wp\/v2\/categories?post=867"},{"taxonomy":"post_tag","embeddable":true,"href":"https:\/\/www.caths.cz\/wordpress\/wp-json\/wp\/v2\/tags?post=867"}],"curies":[{"name":"wp","href":"https:\/\/api.w.org\/{rel}","templated":true}]}}