{"id":866,"date":"2008-11-16T22:53:48","date_gmt":"2008-11-16T21:53:48","guid":{"rendered":"http:\/\/www.caths.cz\/wordpress\/?p=866"},"modified":"2008-11-16T22:53:48","modified_gmt":"2008-11-16T21:53:48","slug":"curleri-ve-svem-prvnim-utkani-zvitezili","status":"publish","type":"post","link":"https:\/\/www.caths.cz\/wordpress\/curleri-ve-svem-prvnim-utkani-zvitezili\/","title":{"rendered":"Curle\u0159i ve sv\u00e9m prvn\u00edm utk\u00e1n\u00ed zv\u00edt\u011bzili"},"content":{"rendered":"<p align=\"justify\">\u010ce\u0161t\u00ed reprezentanti v curlingu voz\u00ed\u010dk\u00e1\u0159\u016f vstoupili do kvalifikace MS 2009 \u00fasp\u011b\u0161n\u011b, kdy\u017e porazili t\u00fdm Walesu 14 : 2. Turnaj pokra\u010duje v hale v Praze &#8211; Roztylech a\u017e do st\u0159edy.<\/p>\n","protected":false},"excerpt":{"rendered":"<a href=\"https:\/\/www.caths.cz\/wordpress\/curleri-ve-svem-prvnim-utkani-zvitezili\/\"><img loading=\"lazy\" decoding=\"async\" width=\"100\" height=\"100\" src=\"https:\/\/www.caths.cz\/wordpress\/wp-content\/plugins\/thumbnail-for-excerpts\/tfe_no_thumb.png\" class=\"alignleft wp-post-image tfe\" alt=\"\" title=\"\" \/><\/a><p>\u010ce\u0161t\u00ed reprezentanti v curlingu voz\u00ed\u010dk\u00e1\u0159\u016f vstoupili do kvalifikace MS 2009 \u00fasp\u011b\u0161n\u011b, kdy\u017e porazili t\u00fdm Walesu 14 : 2. Turnaj pokra\u010duje v hale v Praze &#8211; Roztylech a\u017e do st\u0159edy.<\/p>\n","protected":false},"author":1,"featured_media":0,"comment_status":"closed","ping_status":"closed","sticky":false,"template":"","format":"standard","meta":{"ngg_post_thumbnail":0,"footnotes":""},"categories":[7],"tags":[],"class_list":["post-866","post","type-post","status-publish","format-standard","hentry","category-curling"],"_links":{"self":[{"href":"https:\/\/www.caths.cz\/wordpress\/wp-json\/wp\/v2\/posts\/866","targetHints":{"allow":["GET"]}}],"collection":[{"href":"https:\/\/www.caths.cz\/wordpress\/wp-json\/wp\/v2\/posts"}],"about":[{"href":"https:\/\/www.caths.cz\/wordpress\/wp-json\/wp\/v2\/types\/post"}],"author":[{"embeddable":true,"href":"https:\/\/www.caths.cz\/wordpress\/wp-json\/wp\/v2\/users\/1"}],"replies":[{"embeddable":true,"href":"https:\/\/www.caths.cz\/wordpress\/wp-json\/wp\/v2\/comments?post=866"}],"version-history":[{"count":0,"href":"https:\/\/www.caths.cz\/wordpress\/wp-json\/wp\/v2\/posts\/866\/revisions"}],"wp:attachment":[{"href":"https:\/\/www.caths.cz\/wordpress\/wp-json\/wp\/v2\/media?parent=866"}],"wp:term":[{"taxonomy":"category","embeddable":true,"href":"https:\/\/www.caths.cz\/wordpress\/wp-json\/wp\/v2\/categories?post=866"},{"taxonomy":"post_tag","embeddable":true,"href":"https:\/\/www.caths.cz\/wordpress\/wp-json\/wp\/v2\/tags?post=866"}],"curies":[{"name":"wp","href":"https:\/\/api.w.org\/{rel}","templated":true}]}}