{"id":865,"date":"2008-11-15T21:04:01","date_gmt":"2008-11-15T20:04:01","guid":{"rendered":"http:\/\/www.caths.cz\/wordpress\/?p=865"},"modified":"2008-11-15T21:04:01","modified_gmt":"2008-11-15T20:04:01","slug":"zvolte-handicapovaneho-sportovce-svitavska-2008","status":"publish","type":"post","link":"https:\/\/www.caths.cz\/wordpress\/zvolte-handicapovaneho-sportovce-svitavska-2008\/","title":{"rendered":"Zvolte handicapovan\u00e9ho sportovce Svitavska 2008"},"content":{"rendered":"<p align=\"justify\">\nRegion\u00e1ln\u00ed sdru\u017een\u00ed sport\u016f ve spolupr\u00e1ci s Den\u00edkem vyhla\u0161uje I. ro\u010dn\u00edk ankety o nejlep\u0161\u00ed sportovce Svitavska 2008. <\/p>\n<p align=\"justify\"> T\u011blov\u00fdchovn\u00e9 a sportovn\u00ed organizace mohou ji\u017e nyn\u00ed zas\u00edlat sv\u00e9 n\u00e1vrhy na ocen\u011bn\u00e9 v kategori\u00edch jednotlivci (\u017e\u00e1ci, dorost, dosp\u011bl\u00ed, veter\u00e1ni, tren\u00e9\u0159i, handicapovan\u00ed, mimo\u0159\u00e1dn\u00fd v\u00fdkon, kraj\u00e1nek) a kolektivy (\u017e\u00e1ci, dorost, dosp\u011bl\u00ed). N\u00e1vrhy zas\u00edlejte na adresu RSS Svitavy, Kpt. N\u00e1lepky 39, 568 02 Svitavy s uveden\u00edm jm\u00e9na a p\u0159\u00edjmen\u00ed, roku narozen\u00ed, m\u00edsta trval\u00e9ho pobytu, p\u0159\u00edslu\u0161nosti k TJ, SK \u010di ob\u010dansk\u00e9mu sdru\u017een\u00ed, v\u00fd\u010dtu v\u00fdsledk\u016f a um\u00edst\u011bn\u00ed dosa\u017een\u00fdch za rok 2008. O kone\u010dn\u00e9m po\u0159ad\u00ed ankety rozhodne komise slo\u017een\u00e1 z odborn\u00edk\u016f na po\u010d\u00e1tku p\u0159\u00ed\u0161t\u00edho roku <\/p>\n","protected":false},"excerpt":{"rendered":"<a href=\"https:\/\/www.caths.cz\/wordpress\/zvolte-handicapovaneho-sportovce-svitavska-2008\/\"><img loading=\"lazy\" decoding=\"async\" width=\"100\" height=\"100\" src=\"https:\/\/www.caths.cz\/wordpress\/wp-content\/plugins\/thumbnail-for-excerpts\/tfe_no_thumb.png\" class=\"alignleft wp-post-image tfe\" alt=\"\" title=\"\" \/><\/a><p>Region\u00e1ln\u00ed sdru\u017een\u00ed sport\u016f ve spolupr\u00e1ci s Den\u00edkem vyhla\u0161uje I. ro\u010dn\u00edk ankety o nejlep\u0161\u00ed sportovce Svitavska 2008. T\u011blov\u00fdchovn\u00e9 a sportovn\u00ed organizace mohou ji\u017e nyn\u00ed zas\u00edlat sv\u00e9 n\u00e1vrhy na ocen\u011bn\u00e9 v kategori\u00edch [&hellip;]<\/p>\n","protected":false},"author":1,"featured_media":0,"comment_status":"closed","ping_status":"closed","sticky":false,"template":"","format":"standard","meta":{"ngg_post_thumbnail":0,"footnotes":""},"categories":[6],"tags":[],"class_list":["post-865","post","type-post","status-publish","format-standard","hentry","category-caths-info"],"_links":{"self":[{"href":"https:\/\/www.caths.cz\/wordpress\/wp-json\/wp\/v2\/posts\/865","targetHints":{"allow":["GET"]}}],"collection":[{"href":"https:\/\/www.caths.cz\/wordpress\/wp-json\/wp\/v2\/posts"}],"about":[{"href":"https:\/\/www.caths.cz\/wordpress\/wp-json\/wp\/v2\/types\/post"}],"author":[{"embeddable":true,"href":"https:\/\/www.caths.cz\/wordpress\/wp-json\/wp\/v2\/users\/1"}],"replies":[{"embeddable":true,"href":"https:\/\/www.caths.cz\/wordpress\/wp-json\/wp\/v2\/comments?post=865"}],"version-history":[{"count":0,"href":"https:\/\/www.caths.cz\/wordpress\/wp-json\/wp\/v2\/posts\/865\/revisions"}],"wp:attachment":[{"href":"https:\/\/www.caths.cz\/wordpress\/wp-json\/wp\/v2\/media?parent=865"}],"wp:term":[{"taxonomy":"category","embeddable":true,"href":"https:\/\/www.caths.cz\/wordpress\/wp-json\/wp\/v2\/categories?post=865"},{"taxonomy":"post_tag","embeddable":true,"href":"https:\/\/www.caths.cz\/wordpress\/wp-json\/wp\/v2\/tags?post=865"}],"curies":[{"name":"wp","href":"https:\/\/api.w.org\/{rel}","templated":true}]}}